{"id":11014,"date":"2022-11-19T20:48:36","date_gmt":"2022-11-19T18:48:36","guid":{"rendered":"https:\/\/www.vesab.de\/wpvesab\/?p=11014"},"modified":"2026-02-23T09:40:44","modified_gmt":"2026-02-23T07:40:44","slug":"balun_w1jr_reisert","status":"publish","type":"post","link":"https:\/\/www.vesab.de\/wpvesab\/funk-3\/funk\/balun_w1jr_reisert-11014\/","title":{"rendered":"Mantelwellensperre W1JR Reisert bauen \u2022 Balun"},"content":{"rendered":"<p>Achtung, kann Fehler enthalten, ich \u00fcbernehme keine Gew\u00e4hr oder Haftung, du pr\u00fcfst Sicherheit und Zul\u00e4ssigkeit selbst.<\/p>\n<p><img loading=\"lazy\" decoding=\"async\" class=\"alignnone size-full wp-image-11007\" src=\"https:\/\/www.vesab.de\/wpvesab\/wp-content\/uploads\/balun_01.jpg\" alt=\"\" width=\"1600\" height=\"1200\" srcset=\"https:\/\/www.vesab.de\/wpvesab\/wp-content\/uploads\/balun_01.jpg 1600w, https:\/\/www.vesab.de\/wpvesab\/wp-content\/uploads\/balun_01-300x225.jpg 300w, https:\/\/www.vesab.de\/wpvesab\/wp-content\/uploads\/balun_01-768x576.jpg 768w, https:\/\/www.vesab.de\/wpvesab\/wp-content\/uploads\/balun_01-1536x1152.jpg 1536w, https:\/\/www.vesab.de\/wpvesab\/wp-content\/uploads\/balun_01-720x540.jpg 720w, https:\/\/www.vesab.de\/wpvesab\/wp-content\/uploads\/balun_01-520x390.jpg 520w, https:\/\/www.vesab.de\/wpvesab\/wp-content\/uploads\/balun_01-320x240.jpg 320w\" sizes=\"auto, (max-width: 1600px) 100vw, 1600px\" \/><\/p>\n<p>&nbsp;<\/p>\n<h2 id=\"Karte\">Die Mantelwellensperre<\/h2>\n<p>Ich m\u00f6chte hier nicht die theoretischen Abhandlungen wiederholen, die genug auch online ver\u00f6ffentlich sind. Ich benutze den Balun nach W1JR, um verschiedene Antennen anzupassen. Eingesetzt wird der Balun bei mir an einem Dipol oben an der Antenne (in einer kleineren Version) und dieser hier bei einer Vertical f\u00fcr 160\/80\/40\/20\/15 m. Die kombinierte Vertical 80\/40 m ist nach DJ0IP aufgebaut und am Antennenfu\u00dfpunkt wird dieser Balun eingesetzt. Die D\u00e4mpfung ist im Bereich 160 bis 20 m sehr gut. Dar\u00fcber noch ok.<\/p>\n<p>Am unteren Ende wird ein 50-Ohm-Koaxkabel zu Funkger\u00e4t gef\u00fchrt, am oberen Ende wird der Strahler an der roten Buchse angeschlossen. Die notwendigen Radials werden an der oberen schwarzen Buchse angeschlossen.<\/p>\n<p>&nbsp;<\/p>\n<p><img loading=\"lazy\" decoding=\"async\" class=\"alignnone wp-image-11012\" src=\"https:\/\/www.vesab.de\/wpvesab\/wp-content\/uploads\/balun_06.jpg\" alt=\"\" width=\"1131\" height=\"848\" srcset=\"https:\/\/www.vesab.de\/wpvesab\/wp-content\/uploads\/balun_06.jpg 1600w, https:\/\/www.vesab.de\/wpvesab\/wp-content\/uploads\/balun_06-300x225.jpg 300w, https:\/\/www.vesab.de\/wpvesab\/wp-content\/uploads\/balun_06-768x576.jpg 768w, https:\/\/www.vesab.de\/wpvesab\/wp-content\/uploads\/balun_06-1536x1152.jpg 1536w, https:\/\/www.vesab.de\/wpvesab\/wp-content\/uploads\/balun_06-720x540.jpg 720w, https:\/\/www.vesab.de\/wpvesab\/wp-content\/uploads\/balun_06-520x390.jpg 520w, https:\/\/www.vesab.de\/wpvesab\/wp-content\/uploads\/balun_06-320x240.jpg 320w\" sizes=\"auto, (max-width: 1131px) 100vw, 1131px\" \/><\/p>\n<p>&nbsp;<\/p>\n<h3>Material und Werkzeug<\/h3>\n<p>Ich habe folgendes Material verwendet (einige Links sind Affiliate Links, d.h. ich bekomme etwas davon als Verg\u00fctung, falls jemand etwas kauft. Nat\u00fcrlich ist es dadurch nicht teurer.):<\/p>\n<ul>\n<li>Ferritkern Amidon FT240-43 (das 43er Material ist am besten geeignet f\u00fcr diesen Frequenzbereich); Bezug: <a href=\"https:\/\/ferritshop.de\" target=\"_blank\" rel=\"noopener\">Ferritshop in den Niederlanden<\/a><\/li>\n<li>RG-142 Koaxkabel, welches sich sehr gut eignet; Bezug<a href=\"https:\/\/koaxshop.de\" target=\"_blank\" rel=\"noopener\"> Koaxshop<\/a><\/li>\n<li>PL259-Buchse f\u00fcr den Einbau; <a href=\"https:\/\/amzn.to\/3XswNzQ\" target=\"_blank\" rel=\"noopener\">Bezug Buchsen<\/a><\/li>\n<li>Bananenstecker-Buchsen; <a href=\"https:\/\/amzn.to\/3tHZVoT\" target=\"_blank\" rel=\"noopener\">Bezug Steckerbuchsen<\/a><\/li>\n<li>Geh\u00e4use; mein verwendetes Geh\u00e4use ist nicht online zu beziehen; <a href=\"https:\/\/amzn.to\/3V72j4k\" target=\"_blank\" rel=\"noopener\">Alternative<\/a><\/li>\n<li>NanoVNA V2; <a href=\"https:\/\/amzn.to\/3TP9NI7\" target=\"_blank\" rel=\"noopener\">Bezugsquelle<\/a><\/li>\n<li>meine L\u00f6tstation ERSA; <a href=\"https:\/\/amzn.to\/3hYaqSv\" target=\"_blank\" rel=\"noopener\">Bezugsquelle<\/a><\/li>\n<li>preiswertes Abisolierwerkzeug Koax; <a href=\"https:\/\/amzn.to\/3Aw89US\" target=\"_blank\" rel=\"noopener\">Bezugsquelle<\/a><\/li>\n<li>kleine Kabelbinder; <a href=\"https:\/\/amzn.to\/3AvLmsx\" target=\"_blank\" rel=\"noopener\">Bezugsquelle<\/a><\/li>\n<\/ul>\n<p>Nat\u00fcrlich ben\u00f6tigt man noch L\u00f6tdraht usw.<\/p>\n<p>&nbsp;<\/p>\n<p><img loading=\"lazy\" decoding=\"async\" class=\"alignnone wp-image-11011\" src=\"https:\/\/www.vesab.de\/wpvesab\/wp-content\/uploads\/balun_05.jpg\" alt=\"\" width=\"1131\" height=\"848\" srcset=\"https:\/\/www.vesab.de\/wpvesab\/wp-content\/uploads\/balun_05.jpg 1600w, https:\/\/www.vesab.de\/wpvesab\/wp-content\/uploads\/balun_05-300x225.jpg 300w, https:\/\/www.vesab.de\/wpvesab\/wp-content\/uploads\/balun_05-768x576.jpg 768w, https:\/\/www.vesab.de\/wpvesab\/wp-content\/uploads\/balun_05-1536x1152.jpg 1536w, https:\/\/www.vesab.de\/wpvesab\/wp-content\/uploads\/balun_05-720x540.jpg 720w, https:\/\/www.vesab.de\/wpvesab\/wp-content\/uploads\/balun_05-520x390.jpg 520w, https:\/\/www.vesab.de\/wpvesab\/wp-content\/uploads\/balun_05-320x240.jpg 320w\" sizes=\"auto, (max-width: 1131px) 100vw, 1131px\" \/><\/p>\n<p>&nbsp;<\/p>\n<h3>Bau<\/h3>\n<p>Ich hab den Balun wie folgt gebaut:<\/p>\n<ul>\n<li>entsprechende L\u00e4nge Koaxkabel abl\u00e4ngen<\/li>\n<li>ein Ende am Ferritkern mit einem Kabelbinder befestigen<\/li>\n<li>9 Wicklungen auf die rechte Seite bringen; sehr eng wickeln und das Ende mit einem Kabelbinder tempor\u00e4r sichern<\/li>\n<li>dann 9 Wicklungen auf die andere Seite bringen; wenn es nur 8 werden, dann geht das auch<\/li>\n<li>das Ende mit einem Kabelbinder sichern<\/li>\n<li>Enden abisolieren und Verzinnen<\/li>\n<li>eine Seite mit Kabel\u00f6sen verl\u00f6ten (2 St\u00fcck) und an der anderen Seite den Schirm mit einer Kabel\u00f6se versehen<\/li>\n<li>Geh\u00e4use bohren und entgraten<\/li>\n<li>Bananenstecker-Buchsen einbauen<\/li>\n<li>Balun in das Geh\u00e4use legen, das untere Koax-Ende durch das Buchsenloch stecken und \u00a0und PL259-Buchse am Innenleiter verl\u00f6ten<\/li>\n<li>erst dann die Buchse einbauen und dabei den Schirm mit verschrauben<\/li>\n<li>nun die oberen Enden an die Buchsen schrauben<\/li>\n<li>evtl. abdichten, je nach Geh\u00e4use<\/li>\n<\/ul>\n<p>Anhand der Bilder k\u00f6nnt ihr das Ergebnis verifizieren. Das Bild am Anfang der Seite zeigt die Verdrahtung.<\/p>\n<p>&nbsp;<\/p>\n<p><img loading=\"lazy\" decoding=\"async\" class=\"alignnone wp-image-11010\" src=\"https:\/\/www.vesab.de\/wpvesab\/wp-content\/uploads\/balun_04.jpg\" alt=\"\" width=\"1134\" height=\"850\" srcset=\"https:\/\/www.vesab.de\/wpvesab\/wp-content\/uploads\/balun_04.jpg 1600w, https:\/\/www.vesab.de\/wpvesab\/wp-content\/uploads\/balun_04-300x225.jpg 300w, https:\/\/www.vesab.de\/wpvesab\/wp-content\/uploads\/balun_04-768x576.jpg 768w, https:\/\/www.vesab.de\/wpvesab\/wp-content\/uploads\/balun_04-1536x1152.jpg 1536w, https:\/\/www.vesab.de\/wpvesab\/wp-content\/uploads\/balun_04-720x540.jpg 720w, https:\/\/www.vesab.de\/wpvesab\/wp-content\/uploads\/balun_04-520x390.jpg 520w, https:\/\/www.vesab.de\/wpvesab\/wp-content\/uploads\/balun_04-320x240.jpg 320w\" sizes=\"auto, (max-width: 1134px) 100vw, 1134px\" \/><\/p>\n<p><img loading=\"lazy\" decoding=\"async\" class=\"alignnone wp-image-11009\" src=\"https:\/\/www.vesab.de\/wpvesab\/wp-content\/uploads\/balun_03.jpg\" alt=\"\" width=\"612\" height=\"459\" srcset=\"https:\/\/www.vesab.de\/wpvesab\/wp-content\/uploads\/balun_03.jpg 1600w, https:\/\/www.vesab.de\/wpvesab\/wp-content\/uploads\/balun_03-300x225.jpg 300w, https:\/\/www.vesab.de\/wpvesab\/wp-content\/uploads\/balun_03-768x576.jpg 768w, https:\/\/www.vesab.de\/wpvesab\/wp-content\/uploads\/balun_03-1536x1152.jpg 1536w, https:\/\/www.vesab.de\/wpvesab\/wp-content\/uploads\/balun_03-720x540.jpg 720w, https:\/\/www.vesab.de\/wpvesab\/wp-content\/uploads\/balun_03-520x390.jpg 520w, https:\/\/www.vesab.de\/wpvesab\/wp-content\/uploads\/balun_03-320x240.jpg 320w\" sizes=\"auto, (max-width: 612px) 100vw, 612px\" \/>\u00a0 \u00a0<img loading=\"lazy\" decoding=\"async\" class=\"alignnone wp-image-11008\" src=\"https:\/\/www.vesab.de\/wpvesab\/wp-content\/uploads\/balun_02.jpg\" alt=\"\" width=\"608\" height=\"457\" srcset=\"https:\/\/www.vesab.de\/wpvesab\/wp-content\/uploads\/balun_02.jpg 1600w, https:\/\/www.vesab.de\/wpvesab\/wp-content\/uploads\/balun_02-300x225.jpg 300w, https:\/\/www.vesab.de\/wpvesab\/wp-content\/uploads\/balun_02-768x576.jpg 768w, https:\/\/www.vesab.de\/wpvesab\/wp-content\/uploads\/balun_02-1536x1152.jpg 1536w, https:\/\/www.vesab.de\/wpvesab\/wp-content\/uploads\/balun_02-720x540.jpg 720w, https:\/\/www.vesab.de\/wpvesab\/wp-content\/uploads\/balun_02-520x390.jpg 520w, https:\/\/www.vesab.de\/wpvesab\/wp-content\/uploads\/balun_02-320x240.jpg 320w\" sizes=\"auto, (max-width: 608px) 100vw, 608px\" \/><\/p>\n<p>&nbsp;<\/p>\n<h3>Vermessung mit dem NanoVNA V2<\/h3>\n<p>Den NanoVNA inkl. der vorgesehenen Messleitungen kalibrieren. Wie das geht, habe ich <a href=\"https:\/\/www.vesab.de\/wpvesab\/funk\/antenenanalyzer_nanovna-fv2-10606\/\" target=\"_blank\" rel=\"noopener\">hier in diesem Blogbeitrag<\/a> schon beschrieben.<\/p>\n<p>Den Balun durchmessen. Nachfolgend mein Messergebnis. Die D\u00e4mpfung in den unteren Frequenzen ist sehr gut. Im Bild ist der Bereich um das 80m-Band zu sehen. Dort betr\u00e4gt die D\u00e4mpfung sehr gute 41 dB. Auch im 40m-Band ist die D\u00e4mpfung noch sehr gut. Zu den h\u00f6heren Frequenzen nimmt sie ab. Wer dort besser d\u00e4mpfen will, sollte ein anderes Ferritmaterial und\/oder weniger Wicklungen einplanen.<\/p>\n<p><img loading=\"lazy\" decoding=\"async\" class=\"alignnone size-full wp-image-11013\" src=\"https:\/\/www.vesab.de\/wpvesab\/wp-content\/uploads\/Balun_VNA_01.jpg\" alt=\"\" width=\"1600\" height=\"1200\" srcset=\"https:\/\/www.vesab.de\/wpvesab\/wp-content\/uploads\/Balun_VNA_01.jpg 1600w, https:\/\/www.vesab.de\/wpvesab\/wp-content\/uploads\/Balun_VNA_01-300x225.jpg 300w, https:\/\/www.vesab.de\/wpvesab\/wp-content\/uploads\/Balun_VNA_01-768x576.jpg 768w, https:\/\/www.vesab.de\/wpvesab\/wp-content\/uploads\/Balun_VNA_01-1536x1152.jpg 1536w, https:\/\/www.vesab.de\/wpvesab\/wp-content\/uploads\/Balun_VNA_01-720x540.jpg 720w, https:\/\/www.vesab.de\/wpvesab\/wp-content\/uploads\/Balun_VNA_01-520x390.jpg 520w, https:\/\/www.vesab.de\/wpvesab\/wp-content\/uploads\/Balun_VNA_01-320x240.jpg 320w\" sizes=\"auto, (max-width: 1600px) 100vw, 1600px\" \/><\/p>\n<p>&nbsp;<\/p>\n<p>&nbsp;<\/p>\n<h3>Meine Ausr\u00fcstung aus allen Bereichen<\/h3>\n<p>Meine Ausr\u00fcstung ist hier zu finden: <a href=\"https:\/\/www.vesab.de\/wpvesab\/selbstbau\/werkzeug\/ausruestung_material_werkzeug-9599\/\" target=\"_blank\" rel=\"noopener\">Ausr\u00fcstungsliste mit Links<\/a><\/p>\n<p>&nbsp;<\/p>\n<p>Hier ein Video zu den QRP-TRX<\/p>\n<p><a href=\"https:\/\/youtu.be\/jLQkb92XijI\" target=\"_blank\" rel=\"noopener\"><img loading=\"lazy\" decoding=\"async\" class=\"alignnone wp-image-13795 size-full\" src=\"https:\/\/www.vesab.de\/wpvesab\/wp-content\/uploads\/D_024_TRX_QRP-e1752759411922.jpg\" alt=\"\" width=\"800\" height=\"449\" \/><\/a><\/p>\n<p>&nbsp;<\/p>\n<p>Das Buch zur Krisenvorsorge:<\/p>\n<p><a href=\"https:\/\/www.vprojekte.com\/p\/blackout-und-co-risikomanagement-fuer-krisensituationen-softcover-2-auflage\" target=\"_blank\" rel=\"noopener\"><img loading=\"lazy\" decoding=\"async\" class=\"alignnone wp-image-10662\" src=\"https:\/\/www.vesab.de\/wpvesab\/wp-content\/uploads\/Cover_Blackout_V01_vorn-e1667330786582.jpg\" alt=\"\" width=\"517\" height=\"700\" srcset=\"https:\/\/www.vesab.de\/wpvesab\/wp-content\/uploads\/Cover_Blackout_V01_vorn-e1667330786582.jpg 1033w, https:\/\/www.vesab.de\/wpvesab\/wp-content\/uploads\/Cover_Blackout_V01_vorn-e1667330786582-221x300.jpg 221w, https:\/\/www.vesab.de\/wpvesab\/wp-content\/uploads\/Cover_Blackout_V01_vorn-e1667330786582-768x1041.jpg 768w, https:\/\/www.vesab.de\/wpvesab\/wp-content\/uploads\/Cover_Blackout_V01_vorn-e1667330786582-720x976.jpg 720w, https:\/\/www.vesab.de\/wpvesab\/wp-content\/uploads\/Cover_Blackout_V01_vorn-e1667330786582-520x705.jpg 520w, https:\/\/www.vesab.de\/wpvesab\/wp-content\/uploads\/Cover_Blackout_V01_vorn-e1667330786582-320x434.jpg 320w\" sizes=\"auto, (max-width: 517px) 100vw, 517px\" \/><\/a><\/p>\n","protected":false},"excerpt":{"rendered":"<p>Achtung, kann Fehler enthalten, ich \u00fcbernehme keine Gew\u00e4hr oder Haftung, du pr\u00fcfst Sicherheit und Zul\u00e4ssigkeit selbst. &nbsp; Die Mantelwellensperre Ich m\u00f6chte hier nicht die theoretischen Abhandlungen wiederholen, die genug auch online ver\u00f6ffentlich sind. Ich&#46;&#46;&#46;<\/p>\n","protected":false},"author":2,"featured_media":11007,"comment_status":"open","ping_status":"open","sticky":false,"template":"","format":"standard","meta":{"footnotes":""},"categories":[100,1221,1220,257,1169],"tags":[105,1218,1219,761],"class_list":["post-11014","post","type-post","status-publish","format-standard","has-post-thumbnail","hentry","category-funk","category-antennen_funk","category-funk-3","category-funk_selbstbau","category-notfunk","tag-amateurfunk","tag-balun","tag-mantelwellensperre","tag-notfunk"],"_links":{"self":[{"href":"https:\/\/www.vesab.de\/wpvesab\/wp-json\/wp\/v2\/posts\/11014","targetHints":{"allow":["GET"]}}],"collection":[{"href":"https:\/\/www.vesab.de\/wpvesab\/wp-json\/wp\/v2\/posts"}],"about":[{"href":"https:\/\/www.vesab.de\/wpvesab\/wp-json\/wp\/v2\/types\/post"}],"author":[{"embeddable":true,"href":"https:\/\/www.vesab.de\/wpvesab\/wp-json\/wp\/v2\/users\/2"}],"replies":[{"embeddable":true,"href":"https:\/\/www.vesab.de\/wpvesab\/wp-json\/wp\/v2\/comments?post=11014"}],"version-history":[{"count":17,"href":"https:\/\/www.vesab.de\/wpvesab\/wp-json\/wp\/v2\/posts\/11014\/revisions"}],"predecessor-version":[{"id":14761,"href":"https:\/\/www.vesab.de\/wpvesab\/wp-json\/wp\/v2\/posts\/11014\/revisions\/14761"}],"wp:featuredmedia":[{"embeddable":true,"href":"https:\/\/www.vesab.de\/wpvesab\/wp-json\/wp\/v2\/media\/11007"}],"wp:attachment":[{"href":"https:\/\/www.vesab.de\/wpvesab\/wp-json\/wp\/v2\/media?parent=11014"}],"wp:term":[{"taxonomy":"category","embeddable":true,"href":"https:\/\/www.vesab.de\/wpvesab\/wp-json\/wp\/v2\/categories?post=11014"},{"taxonomy":"post_tag","embeddable":true,"href":"https:\/\/www.vesab.de\/wpvesab\/wp-json\/wp\/v2\/tags?post=11014"}],"curies":[{"name":"wp","href":"https:\/\/api.w.org\/{rel}","templated":true}]}}