{"id":12026,"date":"2023-10-27T17:33:35","date_gmt":"2023-10-27T15:33:35","guid":{"rendered":"https:\/\/www.vesab.de\/wpvesab\/?p=12026"},"modified":"2023-10-27T17:33:35","modified_gmt":"2023-10-27T15:33:35","slug":"super-vario-elmarit-sl-2-8-14-24","status":"publish","type":"post","link":"https:\/\/www.vesab.de\/wpvesab\/fotografie\/super-vario-elmarit-sl-2-8-14-24-12026\/","title":{"rendered":"Super-Vario-Elmarit-SL 2.8\/14-24"},"content":{"rendered":"<p>Das neue 12-24er von Leica geht nun mit mir auf Reisen. Nat\u00fcrlich hab ich es gleich getestet und auch ein Video dar\u00fcber gemacht (siehe ganz unten). Ich war bei Nieselregen unterwegs in der Stadt und am Hafen und habe einige Bilder geschossen.<\/p>\n<p><img loading=\"lazy\" decoding=\"async\" class=\"alignnone size-full wp-image-12050\" src=\"https:\/\/www.vesab.de\/wpvesab\/wp-content\/uploads\/sl1424testbilder_10.jpg\" alt=\"\" width=\"1200\" height=\"800\" srcset=\"https:\/\/www.vesab.de\/wpvesab\/wp-content\/uploads\/sl1424testbilder_10.jpg 1200w, https:\/\/www.vesab.de\/wpvesab\/wp-content\/uploads\/sl1424testbilder_10-300x200.jpg 300w, https:\/\/www.vesab.de\/wpvesab\/wp-content\/uploads\/sl1424testbilder_10-768x512.jpg 768w, https:\/\/www.vesab.de\/wpvesab\/wp-content\/uploads\/sl1424testbilder_10-720x480.jpg 720w, https:\/\/www.vesab.de\/wpvesab\/wp-content\/uploads\/sl1424testbilder_10-520x347.jpg 520w, https:\/\/www.vesab.de\/wpvesab\/wp-content\/uploads\/sl1424testbilder_10-320x213.jpg 320w\" sizes=\"auto, (max-width: 1200px) 100vw, 1200px\" \/><\/p>\n<p><em>14 mm \u2022 1\/400s \u2022 Bl. 2.8 \u2022 ISO 100<\/em><\/p>\n<p><img loading=\"lazy\" decoding=\"async\" class=\"alignnone size-full wp-image-12055\" src=\"https:\/\/www.vesab.de\/wpvesab\/wp-content\/uploads\/sl1424testbilder_15.jpg\" alt=\"\" width=\"1200\" height=\"800\" srcset=\"https:\/\/www.vesab.de\/wpvesab\/wp-content\/uploads\/sl1424testbilder_15.jpg 1200w, https:\/\/www.vesab.de\/wpvesab\/wp-content\/uploads\/sl1424testbilder_15-300x200.jpg 300w, https:\/\/www.vesab.de\/wpvesab\/wp-content\/uploads\/sl1424testbilder_15-768x512.jpg 768w, https:\/\/www.vesab.de\/wpvesab\/wp-content\/uploads\/sl1424testbilder_15-720x480.jpg 720w, https:\/\/www.vesab.de\/wpvesab\/wp-content\/uploads\/sl1424testbilder_15-520x347.jpg 520w, https:\/\/www.vesab.de\/wpvesab\/wp-content\/uploads\/sl1424testbilder_15-320x213.jpg 320w\" sizes=\"auto, (max-width: 1200px) 100vw, 1200px\" \/><\/p>\n<p><em>14 mm \u2022 1\/60s \u2022 Bl. 2.8 \u2022 ISO 500<\/em><\/p>\n<p>&nbsp;<\/p>\n<h4>Herkunft<\/h4>\n<p>Ich denke, dass das Objektiv eine Sigma-Rechnung ist und nur aufgeh\u00fcbscht wurde und bin gespannt, wie es funktioniert. Bei dem Preis w\u00e4re es auch nicht anders zu erwarten. Aber es muss deshalb ja nicht schlecht sein. \u00c4u\u00dferlich ist es schonmal im gewohnten Leica-Look und f\u00fchlt sich gut an. Es k\u00f6nnte vom Sigma 14-24 abstammen.<\/p>\n<p><img loading=\"lazy\" decoding=\"async\" class=\"alignnone size-full wp-image-12053\" src=\"https:\/\/www.vesab.de\/wpvesab\/wp-content\/uploads\/sl1424testbilder_13.jpg\" alt=\"\" width=\"1200\" height=\"800\" srcset=\"https:\/\/www.vesab.de\/wpvesab\/wp-content\/uploads\/sl1424testbilder_13.jpg 1200w, https:\/\/www.vesab.de\/wpvesab\/wp-content\/uploads\/sl1424testbilder_13-300x200.jpg 300w, https:\/\/www.vesab.de\/wpvesab\/wp-content\/uploads\/sl1424testbilder_13-768x512.jpg 768w, https:\/\/www.vesab.de\/wpvesab\/wp-content\/uploads\/sl1424testbilder_13-720x480.jpg 720w, https:\/\/www.vesab.de\/wpvesab\/wp-content\/uploads\/sl1424testbilder_13-520x347.jpg 520w, https:\/\/www.vesab.de\/wpvesab\/wp-content\/uploads\/sl1424testbilder_13-320x213.jpg 320w\" sizes=\"auto, (max-width: 1200px) 100vw, 1200px\" \/><\/p>\n<p>&nbsp;<\/p>\n<h4>Lichtst\u00e4rke<\/h4>\n<p>Reichen 2.8 als Blende aus? F\u00fcr meine Verh\u00e4ltnisse ja, denn ich werde es vor allem in der Landschaftsfotografie einsetzen und nicht auf der Stra\u00dfe &#8211; obwohl ich das auch ausprobieren muss \ud83d\ude09<\/p>\n<p>Aufgrund der kleineren Anfangs\u00f6ffnung ist das Objektiv angenehm leicht und klein. Ich habe im letzten <a href=\"https:\/\/filmstud.io\/pt-portfolio\/farben-der-ostsee\/\">Leica Akademie Workshop in Zingst<\/a> das Super-Vario-Elmar 16-35 ausgiebig ausprobiert und muss sagen, dass es sich gro\u00df anf\u00fchlt und die Anfangs\u00f6ffnung ist sogar noch kleiner. Da liegt mir dieses Objektiv ein wenig besser in der Hand. Vom Durchmesser her nehmen sich beide Objektive nichts und das 16-35 ist auch nur unwesentlich schwerer. Bei dieser Brennweite darf man aber keine gro\u00dfen Unsch\u00e4rfebereiche erwarten oder ein ausgefallenes Bokeh.<\/p>\n<p>&nbsp;<\/p>\n<h4>Sch\u00e4rfe<\/h4>\n<p>Im Video gehe ich auch auf die Sch\u00e4rfe bei den beiden Brennweiten 14 und 24 mm ein. Das Objektiv ist definitiv scharf genug, erreicht aber nicht die Qualit\u00e4t der Apo-Linsen. F\u00fcr meinen Einsatzzweck ist das v\u00f6llig ok und wenn man abblendet, dann spielt es die Sch\u00e4rfe auch bis zum Rand aus.<\/p>\n<p>Hier das Video zur Kurzvorstellung:<\/p>\n<p><iframe loading=\"lazy\" src=\"\/\/www.youtube.com\/embed\/077warwTmXo\" width=\"800\" height=\"449\" allowfullscreen=\"allowfullscreen\" data-mce-fragment=\"1\"><\/iframe><\/p>\n<p>&nbsp;<\/p>\n<h4>Filter<\/h4>\n<p>Leider lassen sich keine Frontfilter anbringen, was f\u00fcr einige ein Nachteil ist. Es gibt aber eine Filterschublade und ich denke, es passen die Filter f\u00fcr das Sigma. Ich probiere das demn\u00e4chst einmal aus. Mitgeliefert wird eine Schablone, um aus Filterfolien eigene Filter herzustellen. Im nachfolgenden Bild sieht man die Filterschublade.<\/p>\n<p><img loading=\"lazy\" decoding=\"async\" class=\"alignnone wp-image-12031\" src=\"https:\/\/www.vesab.de\/wpvesab\/wp-content\/uploads\/leica_sl_14-24_3.jpg\" alt=\"\" width=\"832\" height=\"624\" srcset=\"https:\/\/www.vesab.de\/wpvesab\/wp-content\/uploads\/leica_sl_14-24_3.jpg 1800w, https:\/\/www.vesab.de\/wpvesab\/wp-content\/uploads\/leica_sl_14-24_3-300x225.jpg 300w, https:\/\/www.vesab.de\/wpvesab\/wp-content\/uploads\/leica_sl_14-24_3-768x576.jpg 768w, https:\/\/www.vesab.de\/wpvesab\/wp-content\/uploads\/leica_sl_14-24_3-1536x1152.jpg 1536w, https:\/\/www.vesab.de\/wpvesab\/wp-content\/uploads\/leica_sl_14-24_3-720x540.jpg 720w, https:\/\/www.vesab.de\/wpvesab\/wp-content\/uploads\/leica_sl_14-24_3-520x390.jpg 520w, https:\/\/www.vesab.de\/wpvesab\/wp-content\/uploads\/leica_sl_14-24_3-320x240.jpg 320w\" sizes=\"auto, (max-width: 832px) 100vw, 832px\" \/><\/p>\n<p>&nbsp;<\/p>\n<h4>Einsatzgebiete f\u00fcr mich<\/h4>\n<p>Ich bin also gespannt, wie es sich weiter schlagen wird. Es ist ja auch wettergesch\u00fctzt und daher f\u00fcr meine Eins\u00e4tze optimal geeignet. F\u00fcr die Stra\u00dfenfotografie ist die Brennweite nicht so prickelnd aber mit 24 mm geht doch schon etwas. man darf Personen nur nicht am Rand platzieren \ud83d\ude09<\/p>\n<p>In der Landschaftsfotografie soll es mich auf meinen vielen Reisen in den Norden begleiten. Daher kommt mir der Formfaktor sehr entgegen.<\/p>\n<p><img loading=\"lazy\" decoding=\"async\" class=\"alignnone size-full wp-image-12043\" src=\"https:\/\/www.vesab.de\/wpvesab\/wp-content\/uploads\/sl1424testbilder_3.jpg\" alt=\"\" width=\"1200\" height=\"800\" srcset=\"https:\/\/www.vesab.de\/wpvesab\/wp-content\/uploads\/sl1424testbilder_3.jpg 1200w, https:\/\/www.vesab.de\/wpvesab\/wp-content\/uploads\/sl1424testbilder_3-300x200.jpg 300w, https:\/\/www.vesab.de\/wpvesab\/wp-content\/uploads\/sl1424testbilder_3-768x512.jpg 768w, https:\/\/www.vesab.de\/wpvesab\/wp-content\/uploads\/sl1424testbilder_3-720x480.jpg 720w, https:\/\/www.vesab.de\/wpvesab\/wp-content\/uploads\/sl1424testbilder_3-520x347.jpg 520w, https:\/\/www.vesab.de\/wpvesab\/wp-content\/uploads\/sl1424testbilder_3-320x213.jpg 320w\" sizes=\"auto, (max-width: 1200px) 100vw, 1200px\" \/><\/p>\n<p><em>24 mm \u2022 1\/100s \u2022 Bl. 2.8 \u2022 ISO 200<\/em><\/p>\n<p>&nbsp;<\/p>\n<h4>Handling<\/h4>\n<p>In der Praxis macht das Objektiv einen guten Eindruck. Alles funktioniert so, wie man sich das vorstellt. Zoom- und Entfernungsring sind nicht zu leichtg\u00e4ngig und die Gummierung entspricht den Apo-Linsen. \u00c4u\u00dferlich ist auch kein Unterschied zu den weitaus teureren Linsen zu erkennen. Die Gegenlichtblende sitzt gut und ich hoffe, dass sie dass auch noch in ein paar Jahren macht. Das bleibt abzuwarten.<\/p>\n<p><img loading=\"lazy\" decoding=\"async\" class=\"alignnone size-full wp-image-12044\" src=\"https:\/\/www.vesab.de\/wpvesab\/wp-content\/uploads\/sl1424testbilder_4.jpg\" alt=\"\" width=\"1200\" height=\"800\" srcset=\"https:\/\/www.vesab.de\/wpvesab\/wp-content\/uploads\/sl1424testbilder_4.jpg 1200w, https:\/\/www.vesab.de\/wpvesab\/wp-content\/uploads\/sl1424testbilder_4-300x200.jpg 300w, https:\/\/www.vesab.de\/wpvesab\/wp-content\/uploads\/sl1424testbilder_4-768x512.jpg 768w, https:\/\/www.vesab.de\/wpvesab\/wp-content\/uploads\/sl1424testbilder_4-720x480.jpg 720w, https:\/\/www.vesab.de\/wpvesab\/wp-content\/uploads\/sl1424testbilder_4-520x347.jpg 520w, https:\/\/www.vesab.de\/wpvesab\/wp-content\/uploads\/sl1424testbilder_4-320x213.jpg 320w\" sizes=\"auto, (max-width: 1200px) 100vw, 1200px\" \/><\/p>\n<p><em>14 mm \u2022 1\/80s \u2022 Bl. 8 \u2022 ISO 100<\/em><\/p>\n<p>&nbsp;<\/p>\n","protected":false},"excerpt":{"rendered":"<p>Das neue 12-24er von Leica geht nun mit mir auf Reisen. Nat\u00fcrlich hab ich es gleich getestet und auch ein Video dar\u00fcber gemacht (siehe ganz unten). Ich war bei Nieselregen unterwegs in der Stadt&#46;&#46;&#46;<\/p>\n","protected":false},"author":2,"featured_media":12030,"comment_status":"open","ping_status":"open","sticky":false,"template":"","format":"standard","meta":{"footnotes":""},"categories":[43,36,267],"tags":[76,75,920],"class_list":["post-12026","post","type-post","status-publish","format-standard","has-post-thumbnail","hentry","category-fotografie_digital","category-fotografie","category-leica-fotografie","tag-fotografie-2","tag-leica","tag-objektiv"],"_links":{"self":[{"href":"https:\/\/www.vesab.de\/wpvesab\/wp-json\/wp\/v2\/posts\/12026","targetHints":{"allow":["GET"]}}],"collection":[{"href":"https:\/\/www.vesab.de\/wpvesab\/wp-json\/wp\/v2\/posts"}],"about":[{"href":"https:\/\/www.vesab.de\/wpvesab\/wp-json\/wp\/v2\/types\/post"}],"author":[{"embeddable":true,"href":"https:\/\/www.vesab.de\/wpvesab\/wp-json\/wp\/v2\/users\/2"}],"replies":[{"embeddable":true,"href":"https:\/\/www.vesab.de\/wpvesab\/wp-json\/wp\/v2\/comments?post=12026"}],"version-history":[{"count":2,"href":"https:\/\/www.vesab.de\/wpvesab\/wp-json\/wp\/v2\/posts\/12026\/revisions"}],"predecessor-version":[{"id":12058,"href":"https:\/\/www.vesab.de\/wpvesab\/wp-json\/wp\/v2\/posts\/12026\/revisions\/12058"}],"wp:featuredmedia":[{"embeddable":true,"href":"https:\/\/www.vesab.de\/wpvesab\/wp-json\/wp\/v2\/media\/12030"}],"wp:attachment":[{"href":"https:\/\/www.vesab.de\/wpvesab\/wp-json\/wp\/v2\/media?parent=12026"}],"wp:term":[{"taxonomy":"category","embeddable":true,"href":"https:\/\/www.vesab.de\/wpvesab\/wp-json\/wp\/v2\/categories?post=12026"},{"taxonomy":"post_tag","embeddable":true,"href":"https:\/\/www.vesab.de\/wpvesab\/wp-json\/wp\/v2\/tags?post=12026"}],"curies":[{"name":"wp","href":"https:\/\/api.w.org\/{rel}","templated":true}]}}