{"id":13683,"date":"2025-06-02T19:49:48","date_gmt":"2025-06-02T17:49:48","guid":{"rendered":"https:\/\/www.vesab.de\/wpvesab\/?p=13683"},"modified":"2026-02-23T09:37:56","modified_gmt":"2026-02-23T07:37:56","slug":"h-tronic_pls-1000","status":"publish","type":"post","link":"https:\/\/www.vesab.de\/wpvesab\/selbstbau\/h-tronic_pls-1000-13683\/","title":{"rendered":"Kellerl\u00fcftung mit H-Tronic PLS-1000 &#038; Maico-L\u00fcfter"},"content":{"rendered":"<h1>Kurzanleitung \u2013 Kellerl\u00fcftung mit <em>H-Tronic PLS-1000<\/em> &amp; Maico-L\u00fcfter<\/h1>\n<p>Achtung, kann Fehler enthalten, ich \u00fcbernehme keine Gew\u00e4hr oder Haftung, du pr\u00fcfst Sicherheit und Zul\u00e4ssigkeit selbst.<\/p>\n<blockquote><p>\u201eL\u00fcfte, wenn\u2019s drau\u00dfen trockener ist als drinnen\u201c was Gro\u00dfvater schon predigte, erledigt heute der PLS-1000 automatisch.<\/p><\/blockquote>\n<p>Wer ein <a href=\"https:\/\/youtu.be\/P6yj22Kj8uQ\" target=\"_blank\" rel=\"noopener\"><strong>Video<\/strong><\/a>\u00a0zum Bau schauen m\u00f6chte:<\/p>\n<p><a href=\"https:\/\/youtu.be\/P6yj22Kj8uQ\" target=\"_blank\" rel=\"noopener\"><img loading=\"lazy\" decoding=\"async\" class=\"alignnone wp-image-13684 size-full\" src=\"https:\/\/www.vesab.de\/wpvesab\/wp-content\/uploads\/P_675_Kellertrocknung_2-e1749318062695.jpg\" alt=\"\" width=\"800\" height=\"449\" \/><\/a><\/p>\n<blockquote><p>&nbsp;<\/p><\/blockquote>\n<p><!-- 1 | Grundprinzip --><\/p>\n<h2>1 | Grundprinzip verstehen<\/h2>\n<ol>\n<li><strong>Zwei Kombif\u00fchler TH-1<\/strong> messen innen (Sensor 1) und au\u00dfen (Sensor 2) <em>Temperatur (T)<\/em> und <em>relative Feuchte (F)<\/em>.<\/li>\n<li>Der PLS-1000 berechnet daraus die <strong>Taupunkte TP1 \/ TP2<\/strong>.<\/li>\n<li>Nur wenn <code>TP1 &gt; TP2<\/code> (drau\u00dfen trockener) und alle Schwellenwerte passen, schaltet <strong>Relais T1<\/strong> den L\u00fcfter.<\/li>\n<li>So entsteht leichter Unterdruck; frische, trockenere Luft str\u00f6mt passiv nach. Ein zweiter L\u00fcfter kann an <em>Relais T2<\/em> als Zuluft h\u00e4ngen.<\/li>\n<\/ol>\n<p><!-- 2 | Verdrahtung --><\/p>\n<h2>2 | Ger\u00e4teverdrahtung (230 V~)<\/h2>\n<table>\n<thead>\n<tr>\n<th>Anschluss<\/th>\n<th>Bedeutung<\/th>\n<th>Typischer Leitungsweg<\/th>\n<\/tr>\n<\/thead>\n<tbody>\n<tr>\n<td><strong>L \/ N<\/strong><\/td>\n<td>Netzspannung<\/td>\n<td>Dauerversorgung des PLS-1000<\/td>\n<\/tr>\n<tr>\n<td><strong>T1 (Relais)<\/strong><\/td>\n<td>Abluft-Maico (z. B. ECA 100 ipro)<\/td>\n<td>Phase \u00fcber Relais, Null direkt<\/td>\n<\/tr>\n<tr>\n<td><strong>T2 (optional)<\/strong><\/td>\n<td>Zuluftl\u00fcfter<\/td>\n<td>Analog T1<\/td>\n<\/tr>\n<tr>\n<td><strong>F\u00fchler 1\/2<\/strong><\/td>\n<td>TH-1 Kombisensor<\/td>\n<td>Innen \/ Au\u00dfen, 4-adrig<\/td>\n<\/tr>\n<\/tbody>\n<\/table>\n<p><!-- 3 | Men\u00fc --><\/p>\n<p>&nbsp;<\/p>\n<p><img loading=\"lazy\" decoding=\"async\" class=\"alignnone size-full wp-image-13689\" src=\"https:\/\/www.vesab.de\/wpvesab\/wp-content\/uploads\/PLS_1000_Kellertrocknung_V01_kl.jpg\" alt=\"\" width=\"1600\" height=\"900\" srcset=\"https:\/\/www.vesab.de\/wpvesab\/wp-content\/uploads\/PLS_1000_Kellertrocknung_V01_kl.jpg 1600w, https:\/\/www.vesab.de\/wpvesab\/wp-content\/uploads\/PLS_1000_Kellertrocknung_V01_kl-300x169.jpg 300w, https:\/\/www.vesab.de\/wpvesab\/wp-content\/uploads\/PLS_1000_Kellertrocknung_V01_kl-768x432.jpg 768w, https:\/\/www.vesab.de\/wpvesab\/wp-content\/uploads\/PLS_1000_Kellertrocknung_V01_kl-1536x864.jpg 1536w, https:\/\/www.vesab.de\/wpvesab\/wp-content\/uploads\/PLS_1000_Kellertrocknung_V01_kl-720x405.jpg 720w, https:\/\/www.vesab.de\/wpvesab\/wp-content\/uploads\/PLS_1000_Kellertrocknung_V01_kl-520x293.jpg 520w, https:\/\/www.vesab.de\/wpvesab\/wp-content\/uploads\/PLS_1000_Kellertrocknung_V01_kl-320x180.jpg 320w\" sizes=\"auto, (max-width: 1600px) 100vw, 1600px\" \/><\/p>\n<p>&nbsp;<\/p>\n<h2>3 | Men\u00fc \u201eKellertrocknung\u201c einstellen<\/h2>\n<table>\n<thead>\n<tr>\n<th>Men\u00fcpunkt<\/th>\n<th>Startwert<\/th>\n<th>Erl\u00e4uterung<\/th>\n<\/tr>\n<\/thead>\n<tbody>\n<tr>\n<td><code>TP_diff ON<\/code><\/td>\n<td>4 \u00b0C<\/td>\n<td>L\u00fcfter startet, wenn Taupunkt innen 4 K h\u00f6her ist als au\u00dfen (ich gehe runter bis 2,5 Grad).<\/td>\n<\/tr>\n<tr>\n<td><code>TP_diff OFF<\/code><\/td>\n<td>2 \u00b0C<\/td>\n<td>Abschalten erst, wenn Differenz fast weg ist (verhindert Takten; geht auch 1,5).<\/td>\n<\/tr>\n<tr>\n<td><code>T1 (min)<\/code><\/td>\n<td>7 \u00b0C<\/td>\n<td>Unter 7 \u00b0C wird traditionell nicht gel\u00fcftet \u2013 Frostgefahr (ich hab auch 10 Grad eingestellt).<\/td>\n<\/tr>\n<tr>\n<td><code>T1 (max)<\/code><\/td>\n<td>26 \u00b0C<\/td>\n<td>\u00dcber 26 \u00b0C keine L\u00fcftung, sonst Sommerfeuchte.<\/td>\n<\/tr>\n<tr>\n<td><code>F1 (min)<\/code><\/td>\n<td>50 % rF<\/td>\n<td>Kellermauerwerk sollte nicht knochentrocken werden.<\/td>\n<\/tr>\n<tr>\n<td><code>Rel T1 delay<\/code><\/td>\n<td>30 s<\/td>\n<td>Kleine Verz\u00f6gerung verhindert Relais-Geklapper.<\/td>\n<\/tr>\n<\/tbody>\n<\/table>\n<p><strong>Einstellweg:<\/strong><br \/>\n<code>Men\u00fc \u2192 Kellertrocknung \u2192 Einstellen \u2192 TP_diff_ON \u2026<\/code><br \/>\nMit &#x25b6;\/\u25b2\/\u25bc w\u00e4hlen, <kbd>OK<\/kbd> best\u00e4tigen, <kbd>ESC<\/kbd> kehrt zur\u00fcck.<\/p>\n<p><!-- 4 | Anzeige --><\/p>\n<h2>4 | Betrieb \u2013 Anzeige \u201eSteuern\u201c<\/h2>\n<ul>\n<li><strong>T1 \/ F1 \/ TP1<\/strong> \u2013 Kellerklima<\/li>\n<li><strong>T2 \/ F2 \/ TP2<\/strong> \u2013 Au\u00dfenklima<\/li>\n<li><strong>dTP<\/strong> \u2013 aktuelle Taupunkt-Differenz<\/li>\n<li><strong>Rel T1 Timer<\/strong> \u2013 Restzeit bis Einschalten<\/li>\n<\/ul>\n<p><!-- 5 | Feinjustage --><\/p>\n<p>&nbsp;<\/p>\n<p><img loading=\"lazy\" decoding=\"async\" class=\"alignnone size-full wp-image-13692\" src=\"https:\/\/www.vesab.de\/wpvesab\/wp-content\/uploads\/Kellertrocknung1.jpg\" alt=\"\" width=\"1600\" height=\"1002\" srcset=\"https:\/\/www.vesab.de\/wpvesab\/wp-content\/uploads\/Kellertrocknung1.jpg 1600w, https:\/\/www.vesab.de\/wpvesab\/wp-content\/uploads\/Kellertrocknung1-300x188.jpg 300w, https:\/\/www.vesab.de\/wpvesab\/wp-content\/uploads\/Kellertrocknung1-768x481.jpg 768w, https:\/\/www.vesab.de\/wpvesab\/wp-content\/uploads\/Kellertrocknung1-1536x962.jpg 1536w, https:\/\/www.vesab.de\/wpvesab\/wp-content\/uploads\/Kellertrocknung1-720x451.jpg 720w, https:\/\/www.vesab.de\/wpvesab\/wp-content\/uploads\/Kellertrocknung1-520x326.jpg 520w, https:\/\/www.vesab.de\/wpvesab\/wp-content\/uploads\/Kellertrocknung1-320x200.jpg 320w\" sizes=\"auto, (max-width: 1600px) 100vw, 1600px\" \/><\/p>\n<p>&nbsp;<\/p>\n<h2>5 | Feinjustage nach der ersten Woche<\/h2>\n<ul>\n<li><em>Zu feucht?<\/em> \u2013 <code>TP_diff_ON<\/code> in 1-K-Schritten senken (immer \u2265 1 K \u00fcber OFF).<\/li>\n<li><em>Zu viel Winterlauf?<\/em> \u2013 <code>T1 (min)<\/code> auf 9\u201310 \u00b0C erh\u00f6hen.<\/li>\n<li><em>Lange Nachlaufzeit?<\/em> \u2013 <code>Rel T1 delay<\/code> auf 10 s verk\u00fcrzen (nie 0 s).<\/li>\n<\/ul>\n<p><!-- 6 | Wartung --><\/p>\n<h2>6 | Wartung &amp; Pflege<\/h2>\n<ol>\n<li><strong>Maico-L\u00fcfter:<\/strong> alle 6 Monate entstauben (weiche B\u00fcrste, kein Wasser direkt aufs Lager).<\/li>\n<li><strong>Sensoren:<\/strong> vorsichtig trocken abpinseln.<\/li>\n<li>Firmware-Version pr\u00fcfen; \u00e4ltere Revisionen &lt; 2019 gelegentlich updaten.<\/li>\n<\/ol>\n<footer>Alle Parameter basieren auf der Bedienungsanleitung PLS-1000 (S. 16\u201319) und Praxis.<\/footer>\n<footer>\u00a9 2025 Tom | <em>Tradition bewahren, Technik nutzen.<\/em><\/footer>\n<p>&nbsp;<\/p>\n","protected":false},"excerpt":{"rendered":"<p>Kurzanleitung \u2013 Kellerl\u00fcftung mit H-Tronic PLS-1000 &amp; Maico-L\u00fcfter Achtung, kann Fehler enthalten, ich \u00fcbernehme keine Gew\u00e4hr oder Haftung, du pr\u00fcfst Sicherheit und Zul\u00e4ssigkeit selbst. \u201eL\u00fcfte, wenn\u2019s drau\u00dfen trockener ist als drinnen\u201c was Gro\u00dfvater schon&#46;&#46;&#46;<\/p>\n","protected":false},"author":2,"featured_media":13692,"comment_status":"open","ping_status":"open","sticky":false,"template":"","format":"standard","meta":{"footnotes":""},"categories":[112,50],"tags":[280,1272,1251,1273],"class_list":["post-13683","post","type-post","status-publish","format-standard","has-post-thumbnail","hentry","category-haus","category-selbstbau","tag-bauanleitung","tag-feuchtigkeit","tag-hausbau","tag-luftfeuchtigkeit"],"_links":{"self":[{"href":"https:\/\/www.vesab.de\/wpvesab\/wp-json\/wp\/v2\/posts\/13683","targetHints":{"allow":["GET"]}}],"collection":[{"href":"https:\/\/www.vesab.de\/wpvesab\/wp-json\/wp\/v2\/posts"}],"about":[{"href":"https:\/\/www.vesab.de\/wpvesab\/wp-json\/wp\/v2\/types\/post"}],"author":[{"embeddable":true,"href":"https:\/\/www.vesab.de\/wpvesab\/wp-json\/wp\/v2\/users\/2"}],"replies":[{"embeddable":true,"href":"https:\/\/www.vesab.de\/wpvesab\/wp-json\/wp\/v2\/comments?post=13683"}],"version-history":[{"count":7,"href":"https:\/\/www.vesab.de\/wpvesab\/wp-json\/wp\/v2\/posts\/13683\/revisions"}],"predecessor-version":[{"id":14753,"href":"https:\/\/www.vesab.de\/wpvesab\/wp-json\/wp\/v2\/posts\/13683\/revisions\/14753"}],"wp:featuredmedia":[{"embeddable":true,"href":"https:\/\/www.vesab.de\/wpvesab\/wp-json\/wp\/v2\/media\/13692"}],"wp:attachment":[{"href":"https:\/\/www.vesab.de\/wpvesab\/wp-json\/wp\/v2\/media?parent=13683"}],"wp:term":[{"taxonomy":"category","embeddable":true,"href":"https:\/\/www.vesab.de\/wpvesab\/wp-json\/wp\/v2\/categories?post=13683"},{"taxonomy":"post_tag","embeddable":true,"href":"https:\/\/www.vesab.de\/wpvesab\/wp-json\/wp\/v2\/tags?post=13683"}],"curies":[{"name":"wp","href":"https:\/\/api.w.org\/{rel}","templated":true}]}}