{"id":2925,"date":"2010-02-27T17:10:06","date_gmt":"2010-02-27T15:10:06","guid":{"rendered":"http:\/\/www.vesab.de\/wpvesab\/?p=2925"},"modified":"2019-05-07T11:37:19","modified_gmt":"2019-05-07T09:37:19","slug":"beli-gossen-luna-pro-f","status":"publish","type":"post","link":"https:\/\/www.vesab.de\/wpvesab\/fotografie\/beli-gossen-luna-pro-f-2925\/","title":{"rendered":"Gossen Luna Pro F &#8211; Lunasix F"},"content":{"rendered":"<p><img loading=\"lazy\" decoding=\"async\" class=\"alignnone size-full wp-image-2916\" src=\"http:\/\/www.vesab.de\/wpvesab\/wp-content\/uploads\/fotografie_belichtungsmesser_gossen_lunasix_prof_01.jpg\" alt=\"fotografie_belichtungsmesser_gossen_lunasix_prof_01\" width=\"600\" height=\"400\" srcset=\"https:\/\/www.vesab.de\/wpvesab\/wp-content\/uploads\/fotografie_belichtungsmesser_gossen_lunasix_prof_01.jpg 600w, https:\/\/www.vesab.de\/wpvesab\/wp-content\/uploads\/fotografie_belichtungsmesser_gossen_lunasix_prof_01-300x200.jpg 300w\" sizes=\"auto, (max-width: 600px) 100vw, 600px\" \/><\/p>\n<p>Gossen Luna Pro F<\/p>\n<p>&nbsp;<\/p>\n<h3>Belichtungsmesser der Firma Gossen<\/h3>\n<p>Wer tiefer in die Fotografie einsteigt, wird irgendwann bei einem Belichtungsmesser ankommen. Ob es nun ein Gossen, Sekonic, Minolta oder Ger\u00e4t einer anderen Firma ist, sei dahin gestellt. Die Firma Gossen (nun ist der Belichtungsmesserteil ausgegliedert in die GOSSEN Foto- und Lichtme\u00dftechnik GmbH) hat \u00fcber 60 Jahre Erfahrung im Bau von Belichtungsmessern und stellt auch heute noch sehr praxisgerechte Ger\u00e4te her. Hier soll es vor allem um die sch\u00f6nen \u00e4lteren Ger\u00e4te der Firma gehen, welche aber problemlos im praktischen Alltag der Analog- oder Digitalfotografie bestehen.<\/p>\n<p>&nbsp;<\/p>\n<p>Hab nun auch nun Video online:<\/p>\n<p><a href=\"https:\/\/youtu.be\/z841gblFgIg\" target=\"_blank\" rel=\"noopener noreferrer\"><img loading=\"lazy\" decoding=\"async\" class=\"alignnone wp-image-8411 size-large\" src=\"http:\/\/www.vesab.de\/wpvesab\/wp-content\/uploads\/84_Lunasix_F_Thumb_V1-2000x1122.jpg\" alt=\"\" width=\"560\" height=\"314\" \/><\/a><\/p>\n<p>&nbsp;<\/p>\n<h3>Gossen Luna Pro F Blitzbelichtungsmesser (Lunasix F)<\/h3>\n<p>Der Belichtungsmesser ist mit einem Drehspulwerk ausgestattet, welches \u00fcber eine Elektronik und die Silicon Blue Cell (SBC) angesteuert wird. Die Elektronik erm\u00f6glicht trotz des gro\u00dfen Messbereiches eine Messung ohne Umschaltung vornehmen zu k\u00f6nnen. Seit 1981 wird der Luna Pro F hergestellt (Vorg\u00e4nger war der <a href=\"http:\/\/www.vesab.de\/wpvesab\/fotografie\/gossen-profisix-6173\/\">Profisix<\/a>). In Deutschland wurde der Belichtungsmesser unter dem Namen Lunasix F vertrieben.<br \/>\nDer Luna hat einige Vorteile zu bieten, die auch heute noch aktuell sind:<\/p>\n<ul>\n<li><span style=\"letter-spacing: 0.05em;\">schnelle Messung \u00fcber einen sehr gro\u00dfen Messbereich<\/span><\/li>\n<li><span style=\"letter-spacing: 0.05em;\">Messwertspeicherung und Dauermessung (z.B. f\u00fcr Kontrastmessungen)<\/span><\/li>\n<li><span style=\"letter-spacing: 0.05em;\">echte Einhandbedienung<\/span><\/li>\n<li><span style=\"letter-spacing: 0.05em;\">9-Volt-Batterie mit langer Laufzeit<\/span><\/li>\n<li><span style=\"letter-spacing: 0.05em;\">alle Belichtungspaare gleichzeitig ablesbar<\/span><\/li>\n<li><span style=\"letter-spacing: 0.05em;\">einfache Bedienung<\/span><\/li>\n<li><span style=\"letter-spacing: 0.05em;\">Umgebungslicht- und Blitzlichtmessung<\/span><\/li>\n<\/ul>\n<p>&nbsp;<\/p>\n<p><img loading=\"lazy\" decoding=\"async\" class=\"alignnone size-full wp-image-2917\" src=\"http:\/\/www.vesab.de\/wpvesab\/wp-content\/uploads\/fotografie_belichtungsmesser_gossen_lunasix_prof_02.jpg\" alt=\"fotografie_belichtungsmesser_gossen_lunasix_prof_02\" width=\"600\" height=\"400\" srcset=\"https:\/\/www.vesab.de\/wpvesab\/wp-content\/uploads\/fotografie_belichtungsmesser_gossen_lunasix_prof_02.jpg 600w, https:\/\/www.vesab.de\/wpvesab\/wp-content\/uploads\/fotografie_belichtungsmesser_gossen_lunasix_prof_02-300x200.jpg 300w\" sizes=\"auto, (max-width: 600px) 100vw, 600px\" \/><br \/>\nDie Bedienung ist relativ einfach. Erst die Batterie pr\u00fcfen (gr\u00fcnen Knopf dr\u00fccken und Messtaste bet\u00e4tigen). Der Zeiger muss innerhalb des Batt.-Feldes oder rechts daneben stehen. Dann das Ger\u00e4t auf Null stellen, in dem man die Ruhestellung des Zeigers abwartet (Messwerk aus) und dann hinten mit einem Schreubendreher den Zeiger auf den gr\u00fcnen Strich ganz links einstellt. Den roten Messknopf an der linken Seite entweder auf Dauerbetrieb stellen oder auf Messwertspeicherung. Dazu kann man den Knopf etwas eindr\u00fccken und drehen. Ich bevorzuge Messwertspeicherung. Die Dauermessung macht eigentlich nur Sinn bei Kontrastmessungen. Dann kann man messen (Lichtmessung immer mit Kalotte):<\/p>\n<ul>\n<li><span style=\"letter-spacing: 0.05em;\">ISO-Wert (im kleinen Fenster) einstellen, also hier den ASA-Wert und kleinen roten Knopf auf Blitz oder Dauerlicht stellen<\/span><\/li>\n<li><span style=\"letter-spacing: 0.05em;\">Messtaste dr\u00fccken (rote Taste) und nach Messung loslassen (Messwert wird f\u00fcr einige Zeit gespeichert)<\/span><\/li>\n<li><span style=\"letter-spacing: 0.05em;\">die gro\u00dfe Scheibe so verdrehen, dass der Zeiger auf der Null steht<\/span><\/li>\n<li><span style=\"letter-spacing: 0.05em;\">Achtung: bei Blitzlicht muss die rote Null zwischen den roten Dreiecken zum Stehen kommen (Torzeit 1\/60s)<\/span><\/li>\n<li><span style=\"letter-spacing: 0.05em;\">Belichtungspaar w\u00e4hlen<\/span><\/li>\n<\/ul>\n<p>&nbsp;<\/p>\n<p>Korrekturen k\u00f6nnen \u00fcber die \u00e4u\u00dferen Ringe eingestellt werden. Auch das Zonensystem l\u00e4sst sich anwenden. Ebenso k\u00f6nnen die Lichtwerte (EV) abgelesen werden. Das Messen geschieht einh\u00e4ndig, denn Druck auf den Knopf und Drehen der Scheibe l\u00e4sst sich mit einer Hand gut bewerkstelligen.<\/p>\n<p>&nbsp;<\/p>\n<p>Hier einige Technischen Daten:<\/p>\n<ul>\n<li><span style=\"letter-spacing: 0.05em;\">Messarten: Licht- und 30\u00b0-Objektmessung (Kalotte zur Seite schieben)<\/span><\/li>\n<li><span style=\"letter-spacing: 0.05em;\">Messbereich (ISO 100\/21\u00b0):<\/span><\/li>\n<li><span style=\"letter-spacing: 0.05em;\">Lichtmessung: LW -1 bis 17 (Dauerlicht)<\/span><\/li>\n<li><span style=\"letter-spacing: 0.05em;\">Objektmessung: LW 3 bis 17 (Dauerlicht)<\/span><\/li>\n<li><span style=\"letter-spacing: 0.05em;\">Filmempfindlichkeit: ISO 0,8\/0\u00b0bis 100.000\/51\u00b0<\/span><\/li>\n<li><span style=\"letter-spacing: 0.05em;\">Verschlusszeiten: 1\/4000 Sekunde bis 8 Stunden \ud83d\ude09<\/span><\/li>\n<li><span style=\"letter-spacing: 0.05em;\">Blendenwerte: 0,7 bis 128<\/span><\/li>\n<li><span style=\"letter-spacing: 0.05em;\">Abmessungen: 70mm x 120mm x 45mm (Breite x H\u00f6he x Tiefe)<\/span><\/li>\n<li><span style=\"letter-spacing: 0.05em;\">Gewicht: 240g<\/span><\/li>\n<\/ul>\n<p>&nbsp;<\/p>\n<p><img loading=\"lazy\" decoding=\"async\" class=\"alignnone size-full wp-image-2918\" src=\"http:\/\/www.vesab.de\/wpvesab\/wp-content\/uploads\/fotografie_belichtungsmesser_gossen_lunasix_prof_03.jpg\" alt=\"fotografie_belichtungsmesser_gossen_lunasix_prof_03\" width=\"600\" height=\"400\" srcset=\"https:\/\/www.vesab.de\/wpvesab\/wp-content\/uploads\/fotografie_belichtungsmesser_gossen_lunasix_prof_03.jpg 600w, https:\/\/www.vesab.de\/wpvesab\/wp-content\/uploads\/fotografie_belichtungsmesser_gossen_lunasix_prof_03-300x200.jpg 300w\" sizes=\"auto, (max-width: 600px) 100vw, 600px\" \/><br \/>\nKalotte kann f\u00fcr Objektmessung verschoben werden<\/p>\n<p>&nbsp;<\/p>\n<p>Statt Lichtmessung kann man auch die Objektmessung verwenden. Dazu schiebt man die Kalotte zur Seite. F\u00fcr weitere Anwendungen gibt es ein umfangreiches Zubeh\u00f6rprogramm (Me\u00dfsonde, Micro, Tele, Lab, Repro).<br \/>\nAuf der R\u00fcckseite gibt es eine Tabelle f\u00fcr die Umrechnung der Lichtwerte in lux und footcandle.<\/p>\n<p>&nbsp;<\/p>\n<p><img loading=\"lazy\" decoding=\"async\" class=\"alignnone size-full wp-image-2919\" src=\"http:\/\/www.vesab.de\/wpvesab\/wp-content\/uploads\/fotografie_belichtungsmesser_gossen_lunasix_prof_04.jpg\" alt=\"fotografie_belichtungsmesser_gossen_lunasix_prof_04\" width=\"600\" height=\"400\" srcset=\"https:\/\/www.vesab.de\/wpvesab\/wp-content\/uploads\/fotografie_belichtungsmesser_gossen_lunasix_prof_04.jpg 600w, https:\/\/www.vesab.de\/wpvesab\/wp-content\/uploads\/fotografie_belichtungsmesser_gossen_lunasix_prof_04-300x200.jpg 300w\" sizes=\"auto, (max-width: 600px) 100vw, 600px\" \/><br \/>\nBeli mit halber Tasche<\/p>\n<p>&nbsp;<\/p>\n<p><img loading=\"lazy\" decoding=\"async\" class=\"alignnone size-full wp-image-2920\" src=\"http:\/\/www.vesab.de\/wpvesab\/wp-content\/uploads\/fotografie_belichtungsmesser_gossen_lunasix_prof_05.jpg\" alt=\"fotografie_belichtungsmesser_gossen_lunasix_prof_05\" width=\"600\" height=\"400\" srcset=\"https:\/\/www.vesab.de\/wpvesab\/wp-content\/uploads\/fotografie_belichtungsmesser_gossen_lunasix_prof_05.jpg 600w, https:\/\/www.vesab.de\/wpvesab\/wp-content\/uploads\/fotografie_belichtungsmesser_gossen_lunasix_prof_05-300x200.jpg 300w\" sizes=\"auto, (max-width: 600px) 100vw, 600px\" \/><\/p>\n<p>Messtaste und Wahlknopf f\u00fcr Belichtungsart<\/p>\n<p>&nbsp;<\/p>\n<p><img loading=\"lazy\" decoding=\"async\" class=\"alignnone size-full wp-image-2921\" src=\"http:\/\/www.vesab.de\/wpvesab\/wp-content\/uploads\/fotografie_belichtungsmesser_gossen_lunasix_prof_06.jpg\" alt=\"fotografie_belichtungsmesser_gossen_lunasix_prof_06\" width=\"600\" height=\"400\" srcset=\"https:\/\/www.vesab.de\/wpvesab\/wp-content\/uploads\/fotografie_belichtungsmesser_gossen_lunasix_prof_06.jpg 600w, https:\/\/www.vesab.de\/wpvesab\/wp-content\/uploads\/fotografie_belichtungsmesser_gossen_lunasix_prof_06-300x200.jpg 300w\" sizes=\"auto, (max-width: 600px) 100vw, 600px\" \/><\/p>\n<p>Tabelle auf der R\u00fcckseite<\/p>\n<p>&nbsp;<\/p>\n<p><img loading=\"lazy\" decoding=\"async\" class=\"alignnone size-full wp-image-2922\" src=\"http:\/\/www.vesab.de\/wpvesab\/wp-content\/uploads\/fotografie_belichtungsmesser_gossen_lunasix_prof_07.jpg\" alt=\"fotografie_belichtungsmesser_gossen_lunasix_prof_07\" width=\"600\" height=\"400\" srcset=\"https:\/\/www.vesab.de\/wpvesab\/wp-content\/uploads\/fotografie_belichtungsmesser_gossen_lunasix_prof_07.jpg 600w, https:\/\/www.vesab.de\/wpvesab\/wp-content\/uploads\/fotografie_belichtungsmesser_gossen_lunasix_prof_07-300x200.jpg 300w\" sizes=\"auto, (max-width: 600px) 100vw, 600px\" \/><\/p>\n<p>Kalotte zur Seite geschoben<\/p>\n<p>&nbsp;<\/p>\n<p><img loading=\"lazy\" decoding=\"async\" class=\"alignnone size-full wp-image-2923\" src=\"http:\/\/www.vesab.de\/wpvesab\/wp-content\/uploads\/fotografie_belichtungsmesser_gossen_lunasix_prof_08.jpg\" alt=\"fotografie_belichtungsmesser_gossen_lunasix_prof_08\" width=\"600\" height=\"400\" srcset=\"https:\/\/www.vesab.de\/wpvesab\/wp-content\/uploads\/fotografie_belichtungsmesser_gossen_lunasix_prof_08.jpg 600w, https:\/\/www.vesab.de\/wpvesab\/wp-content\/uploads\/fotografie_belichtungsmesser_gossen_lunasix_prof_08-300x200.jpg 300w\" sizes=\"auto, (max-width: 600px) 100vw, 600px\" \/><\/p>\n<p>Gr\u00f6\u00dfenvergleich mit Gossen Lunasix 3S<\/p>\n<p>&nbsp;<\/p>\n<p>Weitere Belichtungsmesser:<\/p>\n<ul>\n<li>\n<p class=\"entry-title\"><a title=\"Minolta Auto Meter VF\" href=\"http:\/\/www.vesab.de\/wpvesab\/fotografie\/minolta-auto-meter-vf-2687\/\" rel=\"bookmark\">Minolta Auto Meter VF<\/a><\/p>\n<\/li>\n<li>\n<p class=\"entry-title\"><a title=\"Auto Digi Meter Kenko KFM-1100\" href=\"http:\/\/www.vesab.de\/wpvesab\/fotografie\/auto-digi-meter-kenko-kfm-1100-922\/\" rel=\"bookmark\">Auto Digi Meter Kenko KFM-1100<\/a><\/p>\n<\/li>\n<li>\n<p class=\"entry-title\"><a title=\"Sekonic Studio Deluxe III\" href=\"http:\/\/www.vesab.de\/wpvesab\/fotografie\/sekonic-studio-deluxe-iii-l-398a-467\/\" rel=\"bookmark\">Sekonic Studio Deluxe III<\/a><\/p>\n<\/li>\n<li><a href=\"http:\/\/www.vesab.de\/wpvesab\/fotografie\/gossen-profisix-6173\/\">Gossen Profisix<\/a><\/li>\n<\/ul>\n","protected":false},"excerpt":{"rendered":"<p>Gossen Luna Pro F &nbsp; Belichtungsmesser der Firma Gossen Wer tiefer in die Fotografie einsteigt, wird irgendwann bei einem Belichtungsmesser ankommen. Ob es nun ein Gossen, Sekonic, Minolta oder Ger\u00e4t einer anderen Firma ist,&#46;&#46;&#46;<\/p>\n","protected":false},"author":2,"featured_media":2916,"comment_status":"open","ping_status":"open","sticky":false,"template":"","format":"standard","meta":{"footnotes":""},"categories":[42,356,36,942],"tags":[636,58,76,359,358,357,1076,361,360],"class_list":["post-2925","post","type-post","status-publish","format-standard","has-post-thumbnail","hentry","category-fotografie_analog","category-belichtungsmesser-fotografie","category-fotografie","category-video","tag-fotografie_analog","tag-belichtungsmesser","tag-fotografie-2","tag-gossen","tag-luna-pro","tag-lunasix","tag-lunasix-f","tag-profisix","tag-sixstar"],"_links":{"self":[{"href":"https:\/\/www.vesab.de\/wpvesab\/wp-json\/wp\/v2\/posts\/2925","targetHints":{"allow":["GET"]}}],"collection":[{"href":"https:\/\/www.vesab.de\/wpvesab\/wp-json\/wp\/v2\/posts"}],"about":[{"href":"https:\/\/www.vesab.de\/wpvesab\/wp-json\/wp\/v2\/types\/post"}],"author":[{"embeddable":true,"href":"https:\/\/www.vesab.de\/wpvesab\/wp-json\/wp\/v2\/users\/2"}],"replies":[{"embeddable":true,"href":"https:\/\/www.vesab.de\/wpvesab\/wp-json\/wp\/v2\/comments?post=2925"}],"version-history":[{"count":0,"href":"https:\/\/www.vesab.de\/wpvesab\/wp-json\/wp\/v2\/posts\/2925\/revisions"}],"wp:featuredmedia":[{"embeddable":true,"href":"https:\/\/www.vesab.de\/wpvesab\/wp-json\/wp\/v2\/media\/2916"}],"wp:attachment":[{"href":"https:\/\/www.vesab.de\/wpvesab\/wp-json\/wp\/v2\/media?parent=2925"}],"wp:term":[{"taxonomy":"category","embeddable":true,"href":"https:\/\/www.vesab.de\/wpvesab\/wp-json\/wp\/v2\/categories?post=2925"},{"taxonomy":"post_tag","embeddable":true,"href":"https:\/\/www.vesab.de\/wpvesab\/wp-json\/wp\/v2\/tags?post=2925"}],"curies":[{"name":"wp","href":"https:\/\/api.w.org\/{rel}","templated":true}]}}