{"id":2945,"date":"2011-12-20T10:44:40","date_gmt":"2011-12-20T08:44:40","guid":{"rendered":"http:\/\/www.vesab.de\/wpvesab\/?p=2945"},"modified":"2015-12-30T18:50:39","modified_gmt":"2015-12-30T16:50:39","slug":"fuji-professional-6x9","status":"publish","type":"post","link":"https:\/\/www.vesab.de\/wpvesab\/fotografie\/fuji-professional-6x9-2945\/","title":{"rendered":"Fuji Professional 6&#215;9"},"content":{"rendered":"<h3>analoge Sucherkamera Fuji Professional 6&#215;9<\/h3>\n<p>alte Version: V 1.2 vom 20.12.11 letzter Update 10.01.13 \u00a92011<\/p>\n<p><img loading=\"lazy\" decoding=\"async\" class=\"alignnone size-full wp-image-2936\" src=\"http:\/\/www.vesab.de\/wpvesab\/wp-content\/uploads\/fotografie_analog_kamera_fuji_gw690ii_01.jpg\" alt=\"fotografie_analog_kamera_fuji_gw690ii_01\" width=\"600\" height=\"400\" srcset=\"https:\/\/www.vesab.de\/wpvesab\/wp-content\/uploads\/fotografie_analog_kamera_fuji_gw690ii_01.jpg 600w, https:\/\/www.vesab.de\/wpvesab\/wp-content\/uploads\/fotografie_analog_kamera_fuji_gw690ii_01-300x200.jpg 300w\" sizes=\"auto, (max-width: 600px) 100vw, 600px\" \/><\/p>\n<p>die &#8222;<em>Gro\u00dfraumleica&#8220;<\/em><\/p>\n<p>&nbsp;<\/p>\n<h3>Wenn es etwas gr\u00f6\u00dfer sein soll&#8230;<\/h3>\n<p>Zu meinen Kameras kam irgendwann eine sogenannte Texas-Leica hinzu. Im Rahmen meines Experiments lernte ich die Vorz\u00fcge von Rangefinder-Kameras kennen und probierte dies dann auch mit dem gr\u00f6\u00dferen 6&#215;9-Format aus. Die Kamera mit der Bezeichnung GW 690 II sieht wie eine \u00fcberdimensionale Leica aus &#8211; na ja entfernt zumindest. Man wird schon komisch angesehen, wenn man mit so einem gro\u00dfen Teil irgendwo aufkreuzt.<\/p>\n<p>&nbsp;<\/p>\n<p><img loading=\"lazy\" decoding=\"async\" class=\"alignnone size-full wp-image-2937\" src=\"http:\/\/www.vesab.de\/wpvesab\/wp-content\/uploads\/fotografie_analog_kamera_fuji_gw690ii_02.jpg\" alt=\"fotografie_analog_kamera_fuji_gw690ii_02\" width=\"600\" height=\"400\" srcset=\"https:\/\/www.vesab.de\/wpvesab\/wp-content\/uploads\/fotografie_analog_kamera_fuji_gw690ii_02.jpg 600w, https:\/\/www.vesab.de\/wpvesab\/wp-content\/uploads\/fotografie_analog_kamera_fuji_gw690ii_02-300x200.jpg 300w\" sizes=\"auto, (max-width: 600px) 100vw, 600px\" \/><br \/>\nGW690II mit EBC Fujinon-M 1:3.5\/90<\/p>\n<p>&nbsp;<\/p>\n<h3>Fuji GW690II Professional<\/h3>\n<p>Die Verarbeitung der Kamera ist erstaunlich hochwertig. Alles wirkt solide und nichts klappert irgendwo. Die Bedienlemente lassen sich satt bewegen und es ist kein \u00fcberm\u00e4\u00dfiges Spiel vorhanden. Die Kamera stammt von der GL690 ab. Es gab in der Serie Fuji GW folgende Kameras, die sich im Format (erkennbar an der Bezeichnung), in der Ausstattung und in der Brennweite des Objektivs (s steht f\u00fcr 65mm Brennweite) unterschieden:<\/p>\n<ul>\n<li><span style=\"letter-spacing: 0.05em;\">GW690II<\/span><\/li>\n<li><span style=\"letter-spacing: 0.05em;\">GW670II<\/span><\/li>\n<li><span style=\"letter-spacing: 0.05em;\">GSW690II<\/span><\/li>\n<li><span style=\"letter-spacing: 0.05em;\">GW690III<\/span><\/li>\n<li><span style=\"letter-spacing: 0.05em;\">GW680III<\/span><\/li>\n<li><span style=\"letter-spacing: 0.05em;\">GW670III<\/span><\/li>\n<li><span style=\"letter-spacing: 0.05em;\">GSW690III<\/span><\/li>\n<li><span style=\"letter-spacing: 0.05em;\">GSW680III<\/span><\/li>\n<\/ul>\n<p>&nbsp;<\/p>\n<p>Die GW690II wurde 1985 auf dem Markt gebracht und war eine Weiterentwicklung der GW690, die aus dem Jahre 1978 stammt. Das 90er\u00a0EBC Fujinon-M 1:3.5\/90 ist sehr scharf und bringt auf dem gro\u00dfen Rollfilm gute\u00a0Ergebnisse zustande. Es k\u00f6nnen 120er oder 220er Filme mit jeweils 4, 8 oder 16 Aufnahmen verwendet werden. An der Oberseite wird die Filmart eingestellt.<\/p>\n<p>&nbsp;<\/p>\n<p>&nbsp;<\/p>\n<p><img loading=\"lazy\" decoding=\"async\" class=\"alignnone size-full wp-image-2938\" src=\"http:\/\/www.vesab.de\/wpvesab\/wp-content\/uploads\/fotografie_analog_kamera_fuji_gw690ii_03.jpg\" alt=\"fotografie_analog_kamera_fuji_gw690ii_03\" width=\"600\" height=\"400\" srcset=\"https:\/\/www.vesab.de\/wpvesab\/wp-content\/uploads\/fotografie_analog_kamera_fuji_gw690ii_03.jpg 600w, https:\/\/www.vesab.de\/wpvesab\/wp-content\/uploads\/fotografie_analog_kamera_fuji_gw690ii_03-300x200.jpg 300w\" sizes=\"auto, (max-width: 600px) 100vw, 600px\" \/><\/p>\n<p>trotzdem noch kompakt<\/p>\n<p>&nbsp;<\/p>\n<p><img loading=\"lazy\" decoding=\"async\" class=\"alignnone size-full wp-image-2939\" src=\"http:\/\/www.vesab.de\/wpvesab\/wp-content\/uploads\/fotografie_analog_kamera_fuji_gw690ii_04.jpg\" alt=\"fotografie_analog_kamera_fuji_gw690ii_04\" width=\"600\" height=\"400\" srcset=\"https:\/\/www.vesab.de\/wpvesab\/wp-content\/uploads\/fotografie_analog_kamera_fuji_gw690ii_04.jpg 600w, https:\/\/www.vesab.de\/wpvesab\/wp-content\/uploads\/fotografie_analog_kamera_fuji_gw690ii_04-300x200.jpg 300w\" sizes=\"auto, (max-width: 600px) 100vw, 600px\" \/><\/p>\n<p>Bedienungselemente an der Oberseite sind aufger\u00e4umt<\/p>\n<p>&nbsp;<\/p>\n<p><img loading=\"lazy\" decoding=\"async\" class=\"alignnone size-full wp-image-2941\" src=\"http:\/\/www.vesab.de\/wpvesab\/wp-content\/uploads\/fotografie_analog_kamera_fuji_gw690ii_06.jpg\" alt=\"fotografie_analog_kamera_fuji_gw690ii_06\" width=\"600\" height=\"400\" srcset=\"https:\/\/www.vesab.de\/wpvesab\/wp-content\/uploads\/fotografie_analog_kamera_fuji_gw690ii_06.jpg 600w, https:\/\/www.vesab.de\/wpvesab\/wp-content\/uploads\/fotografie_analog_kamera_fuji_gw690ii_06-300x200.jpg 300w\" sizes=\"auto, (max-width: 600px) 100vw, 600px\" \/><\/p>\n<p>Z\u00e4hlwerk an der Unterseite<\/p>\n<p>&nbsp;<\/p>\n<p>Die Kamera hat kein Wechselobjektiv, was daraus resultierte, dass Wechselobjektive gr\u00f6\u00dfer 90 oder kleiner 65 mm selten gekauft wurden und daher ein Festobjektiv Sinn machte. Nun gab es 2 Versionen, eine mit dem 65er Objektiv (ca. 28-35mm bei Kleinbild) und das 90, welches unterhalb von 50mm KB angesiedelt war. Die Kamera wurde durch das Festobjektiv leichter und auch zuverl\u00e4ssiger. Die Flexibilit\u00e4t ging aber verloren. Die GW690 hatte noch Wechselobjektive. Ungew\u00f6hnlich erscheint evtl. der Verschluss am Objektiv.<\/p>\n<p>&nbsp;<\/p>\n<p>&nbsp;<\/p>\n<p><img loading=\"lazy\" decoding=\"async\" class=\"alignnone size-full wp-image-2940\" src=\"http:\/\/www.vesab.de\/wpvesab\/wp-content\/uploads\/fotografie_analog_kamera_fuji_gw690ii_05.jpg\" alt=\"fotografie_analog_kamera_fuji_gw690ii_05\" width=\"600\" height=\"400\" srcset=\"https:\/\/www.vesab.de\/wpvesab\/wp-content\/uploads\/fotografie_analog_kamera_fuji_gw690ii_05.jpg 600w, https:\/\/www.vesab.de\/wpvesab\/wp-content\/uploads\/fotografie_analog_kamera_fuji_gw690ii_05-300x200.jpg 300w\" sizes=\"auto, (max-width: 600px) 100vw, 600px\" \/><\/p>\n<p><img loading=\"lazy\" decoding=\"async\" class=\"alignnone size-full wp-image-2942\" src=\"http:\/\/www.vesab.de\/wpvesab\/wp-content\/uploads\/fotografie_analog_kamera_fuji_gw690ii_07.jpg\" alt=\"fotografie_analog_kamera_fuji_gw690ii_07\" width=\"600\" height=\"400\" srcset=\"https:\/\/www.vesab.de\/wpvesab\/wp-content\/uploads\/fotografie_analog_kamera_fuji_gw690ii_07.jpg 600w, https:\/\/www.vesab.de\/wpvesab\/wp-content\/uploads\/fotografie_analog_kamera_fuji_gw690ii_07-300x200.jpg 300w\" sizes=\"auto, (max-width: 600px) 100vw, 600px\" \/><\/p>\n<p><img loading=\"lazy\" decoding=\"async\" class=\"alignnone size-full wp-image-2943\" src=\"http:\/\/www.vesab.de\/wpvesab\/wp-content\/uploads\/fotografie_analog_kamera_fuji_gw690ii_08.jpg\" alt=\"fotografie_analog_kamera_fuji_gw690ii_08\" width=\"600\" height=\"400\" srcset=\"https:\/\/www.vesab.de\/wpvesab\/wp-content\/uploads\/fotografie_analog_kamera_fuji_gw690ii_08.jpg 600w, https:\/\/www.vesab.de\/wpvesab\/wp-content\/uploads\/fotografie_analog_kamera_fuji_gw690ii_08-300x200.jpg 300w\" sizes=\"auto, (max-width: 600px) 100vw, 600px\" \/><\/p>\n<p><img loading=\"lazy\" decoding=\"async\" class=\"alignnone size-full wp-image-2944\" src=\"http:\/\/www.vesab.de\/wpvesab\/wp-content\/uploads\/fotografie_analog_kamera_fuji_gw690ii_09.jpg\" alt=\"fotografie_analog_kamera_fuji_gw690ii_09\" width=\"600\" height=\"400\" srcset=\"https:\/\/www.vesab.de\/wpvesab\/wp-content\/uploads\/fotografie_analog_kamera_fuji_gw690ii_09.jpg 600w, https:\/\/www.vesab.de\/wpvesab\/wp-content\/uploads\/fotografie_analog_kamera_fuji_gw690ii_09-300x200.jpg 300w\" sizes=\"auto, (max-width: 600px) 100vw, 600px\" \/><\/p>\n<p>seitlich angeschlagene konventionelle R\u00fcckwand<\/p>\n<p>&nbsp;<\/p>\n<p>Die Kamera ist in der heutigen Zeit ein Relikt und nur f\u00fcr Fotografen interessant, die ihre Aufnahmen auch selbst verarbeiten. Sie entschleunigt den Aufnahmeprozess aber ist als relativ kompakte Sucherkamera im Mittelformat gegen\u00fcber anderen Kameras doch sehr schnell.<\/p>\n<p>&nbsp;<\/p>\n<h3>Technische Daten:<\/h3>\n<ul>\n<li><span style=\"letter-spacing: 0.05em;\">Filmformat: 6x9cm<\/span><\/li>\n<li><span style=\"letter-spacing: 0.05em;\">Filme: kurzer 120er (4 Aufnahmen), normaler\u00a0120er (8 A.), 220er (16 A.)<\/span><\/li>\n<li><span style=\"letter-spacing: 0.05em;\">Abmessungen: 189 (W) \u00d7 119 (H) \u00d7 123 (D) mm<\/span><\/li>\n<li><span style=\"letter-spacing: 0.05em;\">Gewicht:\u00a0<\/span><span style=\"letter-spacing: 0.05em;\">1430 g<\/span><\/li>\n<\/ul>\n","protected":false},"excerpt":{"rendered":"<p>analoge Sucherkamera Fuji Professional 6&#215;9 alte Version: V 1.2 vom 20.12.11 letzter Update 10.01.13 \u00a92011 die &#8222;Gro\u00dfraumleica&#8220; &nbsp; Wenn es etwas gr\u00f6\u00dfer sein soll&#8230; Zu meinen Kameras kam irgendwann eine sogenannte Texas-Leica hinzu. Im&#46;&#46;&#46;<\/p>\n","protected":false},"author":2,"featured_media":2937,"comment_status":"open","ping_status":"open","sticky":false,"template":"","format":"standard","meta":{"footnotes":""},"categories":[42,36],"tags":[636,76,363,362,365,366,364],"class_list":["post-2945","post","type-post","status-publish","format-standard","has-post-thumbnail","hentry","category-fotografie_analog","category-fotografie","tag-fotografie_analog","tag-fotografie-2","tag-fuji","tag-fuji-gw690ii","tag-mittelformat","tag-sucherkamera","tag-texas-leica"],"_links":{"self":[{"href":"https:\/\/www.vesab.de\/wpvesab\/wp-json\/wp\/v2\/posts\/2945","targetHints":{"allow":["GET"]}}],"collection":[{"href":"https:\/\/www.vesab.de\/wpvesab\/wp-json\/wp\/v2\/posts"}],"about":[{"href":"https:\/\/www.vesab.de\/wpvesab\/wp-json\/wp\/v2\/types\/post"}],"author":[{"embeddable":true,"href":"https:\/\/www.vesab.de\/wpvesab\/wp-json\/wp\/v2\/users\/2"}],"replies":[{"embeddable":true,"href":"https:\/\/www.vesab.de\/wpvesab\/wp-json\/wp\/v2\/comments?post=2945"}],"version-history":[{"count":0,"href":"https:\/\/www.vesab.de\/wpvesab\/wp-json\/wp\/v2\/posts\/2945\/revisions"}],"wp:featuredmedia":[{"embeddable":true,"href":"https:\/\/www.vesab.de\/wpvesab\/wp-json\/wp\/v2\/media\/2937"}],"wp:attachment":[{"href":"https:\/\/www.vesab.de\/wpvesab\/wp-json\/wp\/v2\/media?parent=2945"}],"wp:term":[{"taxonomy":"category","embeddable":true,"href":"https:\/\/www.vesab.de\/wpvesab\/wp-json\/wp\/v2\/categories?post=2945"},{"taxonomy":"post_tag","embeddable":true,"href":"https:\/\/www.vesab.de\/wpvesab\/wp-json\/wp\/v2\/tags?post=2945"}],"curies":[{"name":"wp","href":"https:\/\/api.w.org\/{rel}","templated":true}]}}