{"id":3288,"date":"2011-05-13T17:43:13","date_gmt":"2011-05-13T15:43:13","guid":{"rendered":"http:\/\/www.vesab.de\/wpvesab\/?p=3288"},"modified":"2015-12-30T19:37:57","modified_gmt":"2015-12-30T17:37:57","slug":"kleiner-holzport","status":"publish","type":"post","link":"https:\/\/www.vesab.de\/wpvesab\/selbstbau\/kleiner-holzport-3288\/","title":{"rendered":"kleiner Holzport"},"content":{"rendered":"<h3>kleines Holzlager bzw. Holzport selbst bauen<\/h3>\n<p><img loading=\"lazy\" decoding=\"async\" class=\"alignnone size-full wp-image-3299\" src=\"http:\/\/www.vesab.de\/wpvesab\/wp-content\/uploads\/haus_holzport_10.jpg\" alt=\"haus_holzport_10\" width=\"700\" height=\"525\" srcset=\"https:\/\/www.vesab.de\/wpvesab\/wp-content\/uploads\/haus_holzport_10.jpg 700w, https:\/\/www.vesab.de\/wpvesab\/wp-content\/uploads\/haus_holzport_10-300x225.jpg 300w\" sizes=\"auto, (max-width: 700px) 100vw, 700px\" \/><\/p>\n<p>&nbsp;<\/p>\n<p>Hier mal ein Beispiel f\u00fcr den Bau eines mobilen Holzlagers. Warum mobil? Das Lager musste sp\u00e4ter umgesetzt werden und sollte nur f\u00fcr ein paar Jahre das Holz aufnehmen. Hab es mittlerweile nach drei Jahren wieder abgebaut &#8211; einfach wieder auseinander geschraubt und das Material weiter verwendet bzw. aus dem Rest ein sch\u00f6nes Feuer gemacht.<\/p>\n<p>F\u00fcr meine langfristige Lagerung habe ich nat\u00fcrlich andere <a title=\"Bau eines Holzlagers\" href=\"http:\/\/www.vesab.de\/wpvesab\/selbstbau\/bau-eines-holzlagers-1290\/\">Holzlager<\/a> gebaut (gr\u00f6\u00dfer, breiter, mit Fundamenten und 1m Dach\u00fcberstand).<\/p>\n<p>&nbsp;<\/p>\n<h3>Bauanleitung<\/h3>\n<p>Alle Schritte sind bebildert und sprechen f\u00fcr sich.<\/p>\n<p>Zuerst die Stellfl\u00e4che begradigen und von Rasen und dergleichen befreien:<\/p>\n<p><img loading=\"lazy\" decoding=\"async\" class=\"alignnone size-full wp-image-3290\" src=\"http:\/\/www.vesab.de\/wpvesab\/wp-content\/uploads\/haus_holzport_01.jpg\" alt=\"haus_holzport_01\" width=\"700\" height=\"525\" srcset=\"https:\/\/www.vesab.de\/wpvesab\/wp-content\/uploads\/haus_holzport_01.jpg 700w, https:\/\/www.vesab.de\/wpvesab\/wp-content\/uploads\/haus_holzport_01-300x225.jpg 300w\" sizes=\"auto, (max-width: 700px) 100vw, 700px\" \/><\/p>\n<p>&nbsp;<\/p>\n<p>Dann habe ich die Fl\u00e4che befestigt. Damit man den Abbau schnell erledigen kann, habe ich Pflastersteine genommen und eingesandet:<\/p>\n<p><img loading=\"lazy\" decoding=\"async\" class=\"alignnone size-full wp-image-3291\" src=\"http:\/\/www.vesab.de\/wpvesab\/wp-content\/uploads\/haus_holzport_02.jpg\" alt=\"haus_holzport_02\" width=\"700\" height=\"525\" srcset=\"https:\/\/www.vesab.de\/wpvesab\/wp-content\/uploads\/haus_holzport_02.jpg 700w, https:\/\/www.vesab.de\/wpvesab\/wp-content\/uploads\/haus_holzport_02-300x225.jpg 300w\" sizes=\"auto, (max-width: 700px) 100vw, 700px\" \/><\/p>\n<p><img loading=\"lazy\" decoding=\"async\" class=\"alignnone size-full wp-image-3292\" src=\"http:\/\/www.vesab.de\/wpvesab\/wp-content\/uploads\/haus_holzport_03.jpg\" alt=\"haus_holzport_03\" width=\"700\" height=\"525\" srcset=\"https:\/\/www.vesab.de\/wpvesab\/wp-content\/uploads\/haus_holzport_03.jpg 700w, https:\/\/www.vesab.de\/wpvesab\/wp-content\/uploads\/haus_holzport_03-300x225.jpg 300w\" sizes=\"auto, (max-width: 700px) 100vw, 700px\" \/><\/p>\n<p>&nbsp;<\/p>\n<p>Dann habe ich als Grundlage ein Holzbalkenfundament erstellt (70er H\u00f6lzer):<\/p>\n<p><img loading=\"lazy\" decoding=\"async\" class=\"alignnone size-full wp-image-3293\" src=\"http:\/\/www.vesab.de\/wpvesab\/wp-content\/uploads\/haus_holzport_04.jpg\" alt=\"haus_holzport_04\" width=\"700\" height=\"525\" srcset=\"https:\/\/www.vesab.de\/wpvesab\/wp-content\/uploads\/haus_holzport_04.jpg 700w, https:\/\/www.vesab.de\/wpvesab\/wp-content\/uploads\/haus_holzport_04-300x225.jpg 300w\" sizes=\"auto, (max-width: 700px) 100vw, 700px\" \/><\/p>\n<p>&nbsp;<\/p>\n<p>Dann ein Ger\u00fcst zur Aufnahme der Bretter zimmern:<\/p>\n<p><img loading=\"lazy\" decoding=\"async\" class=\"alignnone size-full wp-image-3294\" src=\"http:\/\/www.vesab.de\/wpvesab\/wp-content\/uploads\/haus_holzport_05.jpg\" alt=\"haus_holzport_05\" width=\"700\" height=\"525\" srcset=\"https:\/\/www.vesab.de\/wpvesab\/wp-content\/uploads\/haus_holzport_05.jpg 700w, https:\/\/www.vesab.de\/wpvesab\/wp-content\/uploads\/haus_holzport_05-300x225.jpg 300w\" sizes=\"auto, (max-width: 700px) 100vw, 700px\" \/><\/p>\n<p>&nbsp;<\/p>\n<p>Anschlie\u00dfend einfache Schaltafeln als Dachbasis und darauf Sperrholzplatten als Dach, damit wenigstens etwas Dach\u00fcberstand vorhanden ist:<\/p>\n<p><img loading=\"lazy\" decoding=\"async\" class=\"alignnone size-full wp-image-3295\" src=\"http:\/\/www.vesab.de\/wpvesab\/wp-content\/uploads\/haus_holzport_06.jpg\" alt=\"haus_holzport_06\" width=\"700\" height=\"525\" srcset=\"https:\/\/www.vesab.de\/wpvesab\/wp-content\/uploads\/haus_holzport_06.jpg 700w, https:\/\/www.vesab.de\/wpvesab\/wp-content\/uploads\/haus_holzport_06-300x225.jpg 300w\" sizes=\"auto, (max-width: 700px) 100vw, 700px\" \/><\/p>\n<p>&nbsp;<\/p>\n<p>Dachpappe aufnageln (nicht kleben) und an den Seiten mit Leisten fixieren:<\/p>\n<p><img loading=\"lazy\" decoding=\"async\" class=\"alignnone size-full wp-image-3296\" src=\"http:\/\/www.vesab.de\/wpvesab\/wp-content\/uploads\/haus_holzport_07.jpg\" alt=\"haus_holzport_07\" width=\"700\" height=\"525\" srcset=\"https:\/\/www.vesab.de\/wpvesab\/wp-content\/uploads\/haus_holzport_07.jpg 700w, https:\/\/www.vesab.de\/wpvesab\/wp-content\/uploads\/haus_holzport_07-300x225.jpg 300w\" sizes=\"auto, (max-width: 700px) 100vw, 700px\" \/><\/p>\n<p>&nbsp;<\/p>\n<p>Dann die Seitenw\u00e4nde mittels Schalbretter anbringen. Ich habe keine L\u00fccken gelassen, weil es vor der Seite oft reinregnet und immer Wind vorhanden ist (Ostsee):<\/p>\n<p><img loading=\"lazy\" decoding=\"async\" class=\"alignnone size-full wp-image-3297\" src=\"http:\/\/www.vesab.de\/wpvesab\/wp-content\/uploads\/haus_holzport_08.jpg\" alt=\"haus_holzport_08\" width=\"700\" height=\"525\" srcset=\"https:\/\/www.vesab.de\/wpvesab\/wp-content\/uploads\/haus_holzport_08.jpg 700w, https:\/\/www.vesab.de\/wpvesab\/wp-content\/uploads\/haus_holzport_08-300x225.jpg 300w\" sizes=\"auto, (max-width: 700px) 100vw, 700px\" \/><\/p>\n<p>&nbsp;<\/p>\n<p>Die R\u00fcckwand anbringen. Die oberen Bretter habe ich dicht gesetzt wegen Regen. Die anderen Bretter sind auf L\u00fccke gesetzt:<\/p>\n<p><img loading=\"lazy\" decoding=\"async\" class=\"alignnone size-full wp-image-3298\" src=\"http:\/\/www.vesab.de\/wpvesab\/wp-content\/uploads\/haus_holzport_09.jpg\" alt=\"haus_holzport_09\" width=\"700\" height=\"525\" srcset=\"https:\/\/www.vesab.de\/wpvesab\/wp-content\/uploads\/haus_holzport_09.jpg 700w, https:\/\/www.vesab.de\/wpvesab\/wp-content\/uploads\/haus_holzport_09-300x225.jpg 300w\" sizes=\"auto, (max-width: 700px) 100vw, 700px\" \/><\/p>\n<p>&nbsp;<\/p>\n<p>So, die R\u00fcckwand ist auch dran und etwas Holz ist auch schon drin:<\/p>\n<p><img loading=\"lazy\" decoding=\"async\" class=\"alignnone size-full wp-image-3299\" src=\"http:\/\/www.vesab.de\/wpvesab\/wp-content\/uploads\/haus_holzport_10.jpg\" alt=\"haus_holzport_10\" width=\"700\" height=\"525\" srcset=\"https:\/\/www.vesab.de\/wpvesab\/wp-content\/uploads\/haus_holzport_10.jpg 700w, https:\/\/www.vesab.de\/wpvesab\/wp-content\/uploads\/haus_holzport_10-300x225.jpg 300w\" sizes=\"auto, (max-width: 700px) 100vw, 700px\" \/><\/p>\n<p>&nbsp;<\/p>\n<p>Langsam wird das Lager voll:<\/p>\n<p><img loading=\"lazy\" decoding=\"async\" class=\"alignnone size-full wp-image-3301\" src=\"http:\/\/www.vesab.de\/wpvesab\/wp-content\/uploads\/haus_holzport_11.jpg\" alt=\"haus_holzport_11\" width=\"700\" height=\"525\" srcset=\"https:\/\/www.vesab.de\/wpvesab\/wp-content\/uploads\/haus_holzport_11.jpg 700w, https:\/\/www.vesab.de\/wpvesab\/wp-content\/uploads\/haus_holzport_11-300x225.jpg 300w\" sizes=\"auto, (max-width: 700px) 100vw, 700px\" \/><\/p>\n<p>&nbsp;<\/p>\n<p>Anstreichen nicht vergessen!<\/p>\n<p>So das war&#8217;s mal wieder. Viel Spa\u00df beim werkeln!<\/p>\n","protected":false},"excerpt":{"rendered":"<p>kleines Holzlager bzw. Holzport selbst bauen &nbsp; Hier mal ein Beispiel f\u00fcr den Bau eines mobilen Holzlagers. Warum mobil? Das Lager musste sp\u00e4ter umgesetzt werden und sollte nur f\u00fcr ein paar Jahre das Holz&#46;&#46;&#46;<\/p>\n","protected":false},"author":2,"featured_media":3299,"comment_status":"open","ping_status":"open","sticky":false,"template":"","format":"standard","meta":{"footnotes":""},"categories":[114,50],"tags":[276,280,444,116,118,281,282,155],"class_list":["post-3288","post","type-post","status-publish","format-standard","has-post-thumbnail","hentry","category-holz","category-selbstbau","tag-anleitung","tag-bauanleitung","tag-brennholz","tag-heizung-2","tag-holz-2","tag-holzlager-bauanleitung","tag-holzlager-selbst-bauen","tag-holzport"],"_links":{"self":[{"href":"https:\/\/www.vesab.de\/wpvesab\/wp-json\/wp\/v2\/posts\/3288","targetHints":{"allow":["GET"]}}],"collection":[{"href":"https:\/\/www.vesab.de\/wpvesab\/wp-json\/wp\/v2\/posts"}],"about":[{"href":"https:\/\/www.vesab.de\/wpvesab\/wp-json\/wp\/v2\/types\/post"}],"author":[{"embeddable":true,"href":"https:\/\/www.vesab.de\/wpvesab\/wp-json\/wp\/v2\/users\/2"}],"replies":[{"embeddable":true,"href":"https:\/\/www.vesab.de\/wpvesab\/wp-json\/wp\/v2\/comments?post=3288"}],"version-history":[{"count":0,"href":"https:\/\/www.vesab.de\/wpvesab\/wp-json\/wp\/v2\/posts\/3288\/revisions"}],"wp:featuredmedia":[{"embeddable":true,"href":"https:\/\/www.vesab.de\/wpvesab\/wp-json\/wp\/v2\/media\/3299"}],"wp:attachment":[{"href":"https:\/\/www.vesab.de\/wpvesab\/wp-json\/wp\/v2\/media?parent=3288"}],"wp:term":[{"taxonomy":"category","embeddable":true,"href":"https:\/\/www.vesab.de\/wpvesab\/wp-json\/wp\/v2\/categories?post=3288"},{"taxonomy":"post_tag","embeddable":true,"href":"https:\/\/www.vesab.de\/wpvesab\/wp-json\/wp\/v2\/tags?post=3288"}],"curies":[{"name":"wp","href":"https:\/\/api.w.org\/{rel}","templated":true}]}}