{"id":4109,"date":"2009-07-03T12:36:27","date_gmt":"2009-07-03T10:36:27","guid":{"rendered":"http:\/\/www.vesab.de\/wpvesab\/?p=4109"},"modified":"2023-04-05T11:57:00","modified_gmt":"2023-04-05T09:57:00","slug":"bmw-r80-st","status":"publish","type":"post","link":"https:\/\/www.vesab.de\/wpvesab\/fahrzeuge\/bmw-r80-st-4109\/","title":{"rendered":"BMW R80 ST"},"content":{"rendered":"<h3>Zweiventiler-BMW aus den Siebzigern<\/h3>\n<p><img loading=\"lazy\" decoding=\"async\" class=\"alignnone size-full wp-image-4083\" src=\"http:\/\/www.vesab.de\/wpvesab\/wp-content\/uploads\/fahrzeuge_motorrad_bmw_r80st_01.jpg\" alt=\"fahrzeuge_motorrad_bmw_r80st_01\" width=\"800\" height=\"600\" srcset=\"https:\/\/www.vesab.de\/wpvesab\/wp-content\/uploads\/fahrzeuge_motorrad_bmw_r80st_01.jpg 800w, https:\/\/www.vesab.de\/wpvesab\/wp-content\/uploads\/fahrzeuge_motorrad_bmw_r80st_01-300x225.jpg 300w\" sizes=\"auto, (max-width: 800px) 100vw, 800px\" \/><\/p>\n<p>&nbsp;<\/p>\n<h3>BMW R80 ST<\/h3>\n<p>Das Intermezzo mit der BMW dauerte nicht lange, was nicht hei\u00dft, dass ich sie nicht gern gefahren bin. Die alte Zweiventiler-BMW hatte eine ganz eigene Ausstrahlung und einen ganz unverwechselbaren Fahrcharakter. Ich hatte ja bereits 1994 eine Paris-Dakar-GS und kannte daher die Eigenheiten des Mopeds. Klar gibt es beim Gasgeben einen Fahrstuhleffekt &#8211; aber daran gew\u00f6hnt man sich und nutzt dies auch mal aus \ud83d\ude09<\/p>\n<p>&nbsp;<\/p>\n<p><img loading=\"lazy\" decoding=\"async\" class=\"alignnone size-full wp-image-3445\" src=\"http:\/\/www.vesab.de\/wpvesab\/wp-content\/uploads\/fahrzeuge_motorrad_bmw_r80_11.jpg\" alt=\"fahrzeuge_motorrad_bmw_r80_11\" width=\"600\" height=\"400\" srcset=\"https:\/\/www.vesab.de\/wpvesab\/wp-content\/uploads\/fahrzeuge_motorrad_bmw_r80_11.jpg 600w, https:\/\/www.vesab.de\/wpvesab\/wp-content\/uploads\/fahrzeuge_motorrad_bmw_r80_11-300x200.jpg 300w\" sizes=\"auto, (max-width: 600px) 100vw, 600px\" \/><\/p>\n<p>sch\u00f6ner Zweiventilmotor<\/p>\n<p>&nbsp;<\/p>\n<p>Eigentlich wollte ich die BMW umbauen zu einer HP &#8211; aber wie das bei Projekten so ist, war der Wunsch wohl doch nicht so gro\u00df. Die Kosten der Rahmenschwei\u00dfarbeiten waren auch nicht zu verachten. F\u00fcr meine Winter-Aktivit\u00e4ten musste ich dann nur einige Enduro-Anpassungen vornehmen. Ein paar Handsch\u00fctzer, hochgelegter Kotfl\u00fcgel, Stahlfu\u00dfrasten, Windschild, Klappspiegel, neue Hecktaschenhalter und ein Fell f\u00fcr die Sitzbank gen\u00fcgten daf\u00fcr schon.<\/p>\n<p>&nbsp;<\/p>\n<p><img loading=\"lazy\" decoding=\"async\" class=\"alignnone size-full wp-image-3448\" src=\"http:\/\/www.vesab.de\/wpvesab\/wp-content\/uploads\/fahrzeuge_motorrad_bmw_r80_fjord2009_03.jpg\" alt=\"fahrzeuge_motorrad_bmw_r80_fjord2009_03\" width=\"600\" height=\"450\" srcset=\"https:\/\/www.vesab.de\/wpvesab\/wp-content\/uploads\/fahrzeuge_motorrad_bmw_r80_fjord2009_03.jpg 600w, https:\/\/www.vesab.de\/wpvesab\/wp-content\/uploads\/fahrzeuge_motorrad_bmw_r80_fjord2009_03-300x225.jpg 300w\" sizes=\"auto, (max-width: 600px) 100vw, 600px\" \/><\/p>\n<p>vorbereitet f\u00fcr die Winterreise<\/p>\n<p>&nbsp;<\/p>\n<p>Leider hatte die BMW in Skandinavien bei der K\u00e4lte keine Lust mehr. Der hohe \u00d6ldruck, bedingt durch die tiefen Temperaturen, dr\u00fcckte die Dichtungen am \u00d6lfilter auseinander. Das war auch der einzige Fehler in der kurzen Zeit.<\/p>\n<p>&nbsp;<\/p>\n<p><img loading=\"lazy\" decoding=\"async\" class=\"alignnone size-full wp-image-3451\" src=\"http:\/\/www.vesab.de\/wpvesab\/wp-content\/uploads\/fahrzeuge_motorrad_bmw_r80_fjord2009_06.jpg\" alt=\"fahrzeuge_motorrad_bmw_r80_fjord2009_06\" width=\"600\" height=\"450\" srcset=\"https:\/\/www.vesab.de\/wpvesab\/wp-content\/uploads\/fahrzeuge_motorrad_bmw_r80_fjord2009_06.jpg 600w, https:\/\/www.vesab.de\/wpvesab\/wp-content\/uploads\/fahrzeuge_motorrad_bmw_r80_fjord2009_06-300x225.jpg 300w\" sizes=\"auto, (max-width: 600px) 100vw, 600px\" \/><\/p>\n<p>Dichtung durch den hohen Druck des kalten \u00d6ls geplatzt<\/p>\n<p>&nbsp;<\/p>\n<p><img loading=\"lazy\" decoding=\"async\" class=\"alignnone size-full wp-image-3450\" src=\"http:\/\/www.vesab.de\/wpvesab\/wp-content\/uploads\/fahrzeuge_motorrad_bmw_r80_fjord2009_05.jpg\" alt=\"fahrzeuge_motorrad_bmw_r80_fjord2009_05\" width=\"400\" height=\"300\" srcset=\"https:\/\/www.vesab.de\/wpvesab\/wp-content\/uploads\/fahrzeuge_motorrad_bmw_r80_fjord2009_05.jpg 400w, https:\/\/www.vesab.de\/wpvesab\/wp-content\/uploads\/fahrzeuge_motorrad_bmw_r80_fjord2009_05-300x225.jpg 300w\" sizes=\"auto, (max-width: 400px) 100vw, 400px\" \/><\/p>\n<p>Ersatzdichtung aus einer Landkarte ausgeschnitten<\/p>\n<p>&nbsp;<\/p>\n<p><img loading=\"lazy\" decoding=\"async\" class=\"alignnone size-full wp-image-3452\" src=\"http:\/\/www.vesab.de\/wpvesab\/wp-content\/uploads\/fahrzeuge_motorrad_bmw_r80_fjord2009_07.jpg\" alt=\"fahrzeuge_motorrad_bmw_r80_fjord2009_07\" width=\"600\" height=\"450\" srcset=\"https:\/\/www.vesab.de\/wpvesab\/wp-content\/uploads\/fahrzeuge_motorrad_bmw_r80_fjord2009_07.jpg 600w, https:\/\/www.vesab.de\/wpvesab\/wp-content\/uploads\/fahrzeuge_motorrad_bmw_r80_fjord2009_07-300x225.jpg 300w\" sizes=\"auto, (max-width: 600px) 100vw, 600px\" \/><\/p>\n<p>und wieder eingebaut: dicht<\/p>\n<p>&nbsp;<\/p>\n<p>Es gab diese \u00d6lfilterdichtung, siehe: Service-Information BMW Techn. Kundendienst Nr. RM-K-10 fa\/me Gruppe 11; Teilenummer 11 42 1 250 284. Auf Nachfrage best\u00e4tigte mir BMW Group Classic (AK51) schriftlich, dass meine R80ST diesen \u00d6lfilter besitzt.<\/p>\n<p>&nbsp;<\/p>\n<p>Den Rest spulte die BMW bei mir gut ab. Der Motor der alten Zweiventiler l\u00e4sst sich einfach mit Bordmitteln einstellen und auch im Reparaturfalle kommt man schnell an alle Teile. In Sachen Wartung kann man am Zweiventiler viel selbst machen. Die erforderlichen Arbeiten sind einfach und man ben\u00f6tigt kaum Spezialwerkzeug. Vor allem kommt man an s\u00e4mtliche Einstellungen schnell heran ohne gro\u00dfe Verrenkungen und Abbauorgien. Selbst meine aus einer Landkarte (Deckel) selbstgebastelte Dichtung hielt noch eine Weile, so dass ich wenigstens kurz fahren konnte.<\/p>\n<p>&nbsp;<\/p>\n<p><img loading=\"lazy\" decoding=\"async\" class=\"alignnone size-full wp-image-3444\" src=\"http:\/\/www.vesab.de\/wpvesab\/wp-content\/uploads\/fahrzeuge_motorrad_bmw_r80_03.jpg\" alt=\"fahrzeuge_motorrad_bmw_r80_03\" width=\"600\" height=\"450\" srcset=\"https:\/\/www.vesab.de\/wpvesab\/wp-content\/uploads\/fahrzeuge_motorrad_bmw_r80_03.jpg 600w, https:\/\/www.vesab.de\/wpvesab\/wp-content\/uploads\/fahrzeuge_motorrad_bmw_r80_03-300x225.jpg 300w\" sizes=\"auto, (max-width: 600px) 100vw, 600px\" \/><\/p>\n<p>f\u00fcr Ausfl\u00fcge ideal<\/p>\n<p>&nbsp;<\/p>\n<p>Mit Spikesreifen und dem tiefen Schwerpunkt f\u00e4hrt sich die BMW auf Schnee und Eis sehr gut. Das hohe Gewicht st\u00f6rt etwas, wenn man vorher nur 140 kg gewohnt war. Die BMW hat im Endurotrimm ca. 185 kg auf die Waage gebracht, obwohl ich schon die Gep\u00e4cktr\u00e4ger und Kofferhalter abgebaut hatte. An das etwas schwerf\u00e4llige Hochdrehen des Motors konnte ich mich auch gew\u00f6hnen.<\/p>\n<p>&nbsp;<\/p>\n<p><img loading=\"lazy\" decoding=\"async\" class=\"alignnone size-full wp-image-3449\" src=\"http:\/\/www.vesab.de\/wpvesab\/wp-content\/uploads\/fahrzeuge_motorrad_bmw_r80_fjord2009_04.jpg\" alt=\"fahrzeuge_motorrad_bmw_r80_fjord2009_04\" width=\"600\" height=\"450\" srcset=\"https:\/\/www.vesab.de\/wpvesab\/wp-content\/uploads\/fahrzeuge_motorrad_bmw_r80_fjord2009_04.jpg 600w, https:\/\/www.vesab.de\/wpvesab\/wp-content\/uploads\/fahrzeuge_motorrad_bmw_r80_fjord2009_04-300x225.jpg 300w\" sizes=\"auto, (max-width: 600px) 100vw, 600px\" \/><\/p>\n<p>hier in Norwegen auf einer meiner letzten <a title=\"5. Fjordrally 2008\" href=\"http:\/\/www.vesab.de\/wpvesab\/storys\/5-fjordrally-2008-775\/\">Fjordrally<\/a>s<\/p>\n<p>&nbsp;<\/p>\n<p><img loading=\"lazy\" decoding=\"async\" class=\"alignnone size-full wp-image-3453\" src=\"http:\/\/www.vesab.de\/wpvesab\/wp-content\/uploads\/fahrzeuge_motorrad_bmw_r80_fjord2009_08.jpg\" alt=\"fahrzeuge_motorrad_bmw_r80_fjord2009_08\" width=\"600\" height=\"400\" srcset=\"https:\/\/www.vesab.de\/wpvesab\/wp-content\/uploads\/fahrzeuge_motorrad_bmw_r80_fjord2009_08.jpg 600w, https:\/\/www.vesab.de\/wpvesab\/wp-content\/uploads\/fahrzeuge_motorrad_bmw_r80_fjord2009_08-300x200.jpg 300w\" sizes=\"auto, (max-width: 600px) 100vw, 600px\" \/><\/p>\n<p>In Norwegen waren &#8218;zuf\u00e4llig&#8216; zwei \u00e4hnliche Mopeds unterwegs \ud83d\ude09<\/p>\n<p>&nbsp;<\/p>\n<p><img loading=\"lazy\" decoding=\"async\" class=\"alignnone size-full wp-image-3443\" src=\"http:\/\/www.vesab.de\/wpvesab\/wp-content\/uploads\/fahrzeuge_motorrad_bmw_r80_02.jpg\" alt=\"fahrzeuge_motorrad_bmw_r80_02\" width=\"600\" height=\"450\" srcset=\"https:\/\/www.vesab.de\/wpvesab\/wp-content\/uploads\/fahrzeuge_motorrad_bmw_r80_02.jpg 600w, https:\/\/www.vesab.de\/wpvesab\/wp-content\/uploads\/fahrzeuge_motorrad_bmw_r80_02-300x225.jpg 300w\" sizes=\"auto, (max-width: 600px) 100vw, 600px\" \/><\/p>\n<p>hier im Originaltrimm mit Koffertr\u00e4gern<\/p>\n<p>&nbsp;<\/p>\n<p>Meine anderen Motorr\u00e4der sind alle in diesem Beitrag zu finden: <a title=\"Motorr\u00e4der\" href=\"http:\/\/www.vesab.de\/wpvesab\/storys\/motorraeder-4034\/\">Motorrad-Historie<\/a><\/p>\n","protected":false},"excerpt":{"rendered":"<p>Zweiventiler-BMW aus den Siebzigern &nbsp; BMW R80 ST Das Intermezzo mit der BMW dauerte nicht lange, was nicht hei\u00dft, dass ich sie nicht gern gefahren bin. Die alte Zweiventiler-BMW hatte eine ganz eigene Ausstrahlung&#46;&#46;&#46;<\/p>\n","protected":false},"author":2,"featured_media":4083,"comment_status":"open","ping_status":"open","sticky":false,"template":"","format":"standard","meta":{"footnotes":""},"categories":[45,46],"tags":[552,555,553,87,554],"class_list":["post-4109","post","type-post","status-publish","format-standard","has-post-thumbnail","hentry","category-fahrzeuge","category-motorrad","tag-bmw","tag-bmw-r-80st","tag-bmw-r80st","tag-motorrad-2","tag-zweiventiler-bmw"],"_links":{"self":[{"href":"https:\/\/www.vesab.de\/wpvesab\/wp-json\/wp\/v2\/posts\/4109","targetHints":{"allow":["GET"]}}],"collection":[{"href":"https:\/\/www.vesab.de\/wpvesab\/wp-json\/wp\/v2\/posts"}],"about":[{"href":"https:\/\/www.vesab.de\/wpvesab\/wp-json\/wp\/v2\/types\/post"}],"author":[{"embeddable":true,"href":"https:\/\/www.vesab.de\/wpvesab\/wp-json\/wp\/v2\/users\/2"}],"replies":[{"embeddable":true,"href":"https:\/\/www.vesab.de\/wpvesab\/wp-json\/wp\/v2\/comments?post=4109"}],"version-history":[{"count":2,"href":"https:\/\/www.vesab.de\/wpvesab\/wp-json\/wp\/v2\/posts\/4109\/revisions"}],"predecessor-version":[{"id":11641,"href":"https:\/\/www.vesab.de\/wpvesab\/wp-json\/wp\/v2\/posts\/4109\/revisions\/11641"}],"wp:featuredmedia":[{"embeddable":true,"href":"https:\/\/www.vesab.de\/wpvesab\/wp-json\/wp\/v2\/media\/4083"}],"wp:attachment":[{"href":"https:\/\/www.vesab.de\/wpvesab\/wp-json\/wp\/v2\/media?parent=4109"}],"wp:term":[{"taxonomy":"category","embeddable":true,"href":"https:\/\/www.vesab.de\/wpvesab\/wp-json\/wp\/v2\/categories?post=4109"},{"taxonomy":"post_tag","embeddable":true,"href":"https:\/\/www.vesab.de\/wpvesab\/wp-json\/wp\/v2\/tags?post=4109"}],"curies":[{"name":"wp","href":"https:\/\/api.w.org\/{rel}","templated":true}]}}