{"id":4188,"date":"2014-12-08T23:54:56","date_gmt":"2014-12-08T21:54:56","guid":{"rendered":"http:\/\/www.vesab.de\/wpvesab\/?p=4188"},"modified":"2014-12-08T23:54:56","modified_gmt":"2014-12-08T21:54:56","slug":"1996-winter-und-motorrad","status":"publish","type":"post","link":"https:\/\/www.vesab.de\/wpvesab\/storys\/1996-winter-und-motorrad-4188\/","title":{"rendered":"1996 Winter und Motorrad?"},"content":{"rendered":"<h3>so begann alles&#8230;<\/h3>\n<p><img loading=\"lazy\" decoding=\"async\" class=\"alignnone size-full wp-image-4190\" src=\"http:\/\/www.vesab.de\/wpvesab\/wp-content\/uploads\/fahrzeuge_motorrad_gespann_polarkreis_01.jpg\" alt=\"fahrzeuge_motorrad_gespann_polarkreis_01\" width=\"800\" height=\"600\" srcset=\"https:\/\/www.vesab.de\/wpvesab\/wp-content\/uploads\/fahrzeuge_motorrad_gespann_polarkreis_01.jpg 800w, https:\/\/www.vesab.de\/wpvesab\/wp-content\/uploads\/fahrzeuge_motorrad_gespann_polarkreis_01-300x225.jpg 300w\" sizes=\"auto, (max-width: 800px) 100vw, 800px\" \/><\/p>\n<p>&nbsp;<\/p>\n<p>November 1996<\/p>\n<p>Drau\u00dfen Regen und starker Wind. Es ist ungem\u00fctlich in Deutschland und drinnen in der warmen Stube halte ich eine Ausgabe der neuesten Gespannzeitung in der Hand. Endlich wieder was zum Lesen denke ich und mache es mir auf dem Sofa bequem. Ein Bericht erz\u00e4hlt \u00fcber die Abenteuer einer Norwegenreise im Winter. Ein tolles Foto denke ich &#8211; ein altes Guzzigespann mit einem riesigen Beiwagen f\u00e4hrt auf einer v\u00f6llig verschneiten Strasse bei herrlichem Sonnenschein entlang. Das Gespann ist v\u00f6llig mit Schnee bedeckt und es sind die K\u00e4lte und gleichzeitig die warmen Sonnenstrahlen im Bild f\u00f6rmlich zu sp\u00fcren. Der Fahrer ist v\u00f6llig eingemummt und ebenfalls schneewei\u00df. Ein paar Verr\u00fcckte denke ich, lese aber gespannt weiter. Da ist von Schneesturm und eisiger K\u00e4lte die Rede. Eine kleine Gruppe hat sich aufgemacht, um ein Treffen in Norwegen zu besuchen. Und das mitten im Winter. Geschichten \u00fcber eingefrorene Bikes, lustige Abenteuer im Schnee, Pannen und tiefgek\u00fchlte Werkzeuge. Gem\u00fctliche Runden auf einem Treffen und einsame H\u00fctten im Wald. Die Jungs haben schon eine abenteuerliche Reise hinter sich, dass ist der Eindruck nach dem Artikel.<\/p>\n<p>&nbsp;<\/p>\n<p><img loading=\"lazy\" decoding=\"async\" class=\"alignnone size-full wp-image-4191\" src=\"http:\/\/www.vesab.de\/wpvesab\/wp-content\/uploads\/fahrzeuge_motorrad_gespann_polarkreis_02.jpg\" alt=\"fahrzeuge_motorrad_gespann_polarkreis_02\" width=\"800\" height=\"533\" srcset=\"https:\/\/www.vesab.de\/wpvesab\/wp-content\/uploads\/fahrzeuge_motorrad_gespann_polarkreis_02.jpg 800w, https:\/\/www.vesab.de\/wpvesab\/wp-content\/uploads\/fahrzeuge_motorrad_gespann_polarkreis_02-300x199.jpg 300w\" sizes=\"auto, (max-width: 800px) 100vw, 800px\" \/><\/p>\n<p>&nbsp;<\/p>\n<p>Tage sp\u00e4ter. Mich l\u00e4sst dieses Bild der verschneiten Guzzi einfach nicht los. Warum fahren ein paar verr\u00fcckte Motorradfahrer im Winter nach Norwegen? Ich durchsuche meine alten Motorradzeitungen und finde einen weiteren Artikel \u00fcber die Norwegenenthusiasten. Wieder verschneite Motorr\u00e4der und durchgefrorene Gestalten an irgendeiner verlassenen Strasse mitten in Norwegen. Dazu Spr\u00fcche wie: &#8222;Gespannfahren macht erst im Winter richtigen Spa\u00df!&#8220;.<\/p>\n<p>&nbsp;<\/p>\n<p><img loading=\"lazy\" decoding=\"async\" class=\"alignnone size-full wp-image-4196\" src=\"http:\/\/www.vesab.de\/wpvesab\/wp-content\/uploads\/fahrzeuge_motorrad_gespann_polarkreis_04.jpg\" alt=\"fahrzeuge_motorrad_gespann_polarkreis_04\" width=\"800\" height=\"1067\" srcset=\"https:\/\/www.vesab.de\/wpvesab\/wp-content\/uploads\/fahrzeuge_motorrad_gespann_polarkreis_04.jpg 800w, https:\/\/www.vesab.de\/wpvesab\/wp-content\/uploads\/fahrzeuge_motorrad_gespann_polarkreis_04-224x300.jpg 224w\" sizes=\"auto, (max-width: 800px) 100vw, 800px\" \/><\/p>\n<p>&nbsp;<\/p>\n<p>Irgend etwas muss diese Leute nach Norden ziehen, aber was? Ich versuche mehr \u00fcber die Winterfahrer und ihre Ziele herauszufinden. Leider gibt es nicht sehr viele Informationen und jeder erz\u00e4hlt etwas anderes. Die haarstr\u00e4ubensten Geschichten werden mir aufgetischt. Ich sto\u00dfe in den folgenden Tagen auf eine interessante Adresse &#8230;<\/p>\n<p>&nbsp;<\/p>\n<p><img loading=\"lazy\" decoding=\"async\" class=\"alignnone size-full wp-image-4192\" src=\"http:\/\/www.vesab.de\/wpvesab\/wp-content\/uploads\/fahrzeuge_motorrad_gespann_polarkreis_03.jpg\" alt=\"fahrzeuge_motorrad_gespann_polarkreis_03\" width=\"800\" height=\"533\" srcset=\"https:\/\/www.vesab.de\/wpvesab\/wp-content\/uploads\/fahrzeuge_motorrad_gespann_polarkreis_03.jpg 800w, https:\/\/www.vesab.de\/wpvesab\/wp-content\/uploads\/fahrzeuge_motorrad_gespann_polarkreis_03-300x199.jpg 300w\" sizes=\"auto, (max-width: 800px) 100vw, 800px\" \/><\/p>\n<p>&nbsp;<\/p>\n<p>Drau\u00dfen hat die Nacht schon begonnen, es ist relativ warm und sternenklar. Eine unwahrscheinliche Stille umschlie\u00dft die H\u00fctten und den Wald. Der Mond beleuchtet die Schneelandschaft. Am zugefrorenen Flu\u00df kann man in der Ferne die Silhouette der Berge deutlich erkennen. Das blaue Licht der Br\u00fcckenbeleuchtung wirft lange Schatten auf den wei\u00dfen Schnee. Der Flu\u00df ist zugefroren und ein paar einsame Autospuren verlieren sich in einiger Entfernung. Irgendwo dahinten mu\u00df eine andere Br\u00fccke sein, denn zwei kleine gelbe Punkte wandern \u00fcber das Eis. Als Gro\u00dfst\u00e4dter kann man diese Ruhe erst nach einigen Tagen begreifen. Wir reden an diesem Abend noch bis tief in die Nacht hinein und lassen noch einmal die sch\u00f6nen Erlebnisse der heutigen Fahrt aufleben. Das ganze sollte jedoch erst der Anfang sein &#8230;<\/p>\n<p>&nbsp;<\/p>\n<p><img loading=\"lazy\" decoding=\"async\" class=\"alignnone size-full wp-image-4195\" src=\"http:\/\/www.vesab.de\/wpvesab\/wp-content\/uploads\/fahrzeuge_motorrad_gespann_polarkreis_08.jpg\" alt=\"fahrzeuge_motorrad_gespann_polarkreis_08\" width=\"800\" height=\"533\" srcset=\"https:\/\/www.vesab.de\/wpvesab\/wp-content\/uploads\/fahrzeuge_motorrad_gespann_polarkreis_08.jpg 800w, https:\/\/www.vesab.de\/wpvesab\/wp-content\/uploads\/fahrzeuge_motorrad_gespann_polarkreis_08-300x199.jpg 300w\" sizes=\"auto, (max-width: 800px) 100vw, 800px\" \/><\/p>\n<p>&nbsp;<\/p>\n","protected":false},"excerpt":{"rendered":"<p>so begann alles&#8230; &nbsp; November 1996 Drau\u00dfen Regen und starker Wind. Es ist ungem\u00fctlich in Deutschland und drinnen in der warmen Stube halte ich eine Ausgabe der neuesten Gespannzeitung in der Hand. Endlich wieder&#46;&#46;&#46;<\/p>\n","protected":false},"author":2,"featured_media":4192,"comment_status":"open","ping_status":"open","sticky":false,"template":"","format":"standard","meta":{"footnotes":""},"categories":[45,46,107,3],"tags":[87,130,198,65,354],"class_list":["post-4188","post","type-post","status-publish","format-standard","has-post-thumbnail","hentry","category-fahrzeuge","category-motorrad","category-reisen-2","category-storys","tag-motorrad-2","tag-motorradgespann","tag-motorradreise","tag-norwegen","tag-winterfahrten"],"_links":{"self":[{"href":"https:\/\/www.vesab.de\/wpvesab\/wp-json\/wp\/v2\/posts\/4188","targetHints":{"allow":["GET"]}}],"collection":[{"href":"https:\/\/www.vesab.de\/wpvesab\/wp-json\/wp\/v2\/posts"}],"about":[{"href":"https:\/\/www.vesab.de\/wpvesab\/wp-json\/wp\/v2\/types\/post"}],"author":[{"embeddable":true,"href":"https:\/\/www.vesab.de\/wpvesab\/wp-json\/wp\/v2\/users\/2"}],"replies":[{"embeddable":true,"href":"https:\/\/www.vesab.de\/wpvesab\/wp-json\/wp\/v2\/comments?post=4188"}],"version-history":[{"count":0,"href":"https:\/\/www.vesab.de\/wpvesab\/wp-json\/wp\/v2\/posts\/4188\/revisions"}],"wp:featuredmedia":[{"embeddable":true,"href":"https:\/\/www.vesab.de\/wpvesab\/wp-json\/wp\/v2\/media\/4192"}],"wp:attachment":[{"href":"https:\/\/www.vesab.de\/wpvesab\/wp-json\/wp\/v2\/media?parent=4188"}],"wp:term":[{"taxonomy":"category","embeddable":true,"href":"https:\/\/www.vesab.de\/wpvesab\/wp-json\/wp\/v2\/categories?post=4188"},{"taxonomy":"post_tag","embeddable":true,"href":"https:\/\/www.vesab.de\/wpvesab\/wp-json\/wp\/v2\/tags?post=4188"}],"curies":[{"name":"wp","href":"https:\/\/api.w.org\/{rel}","templated":true}]}}