{"id":5021,"date":"2015-08-30T20:23:37","date_gmt":"2015-08-30T18:23:37","guid":{"rendered":"http:\/\/www.vesab.de\/wpvesab\/?p=5021"},"modified":"2017-04-12T21:19:00","modified_gmt":"2017-04-12T19:19:00","slug":"leica-m7-2","status":"publish","type":"post","link":"https:\/\/www.vesab.de\/wpvesab\/fotografie\/leica-m7-2-5021\/","title":{"rendered":"Leica M7"},"content":{"rendered":"<h3>Alternative Leica<\/h3>\n<p>&nbsp;<\/p>\n<p><img loading=\"lazy\" decoding=\"async\" class=\"alignnone size-full wp-image-5027\" src=\"http:\/\/www.vesab.de\/wpvesab\/wp-content\/uploads\/fotografie_leica_m7_05.jpg\" alt=\"fotografie_leica_m7_05\" width=\"800\" height=\"534\" srcset=\"https:\/\/www.vesab.de\/wpvesab\/wp-content\/uploads\/fotografie_leica_m7_05.jpg 800w, https:\/\/www.vesab.de\/wpvesab\/wp-content\/uploads\/fotografie_leica_m7_05-300x200.jpg 300w\" sizes=\"auto, (max-width: 800px) 100vw, 800px\" \/><\/p>\n<p>&nbsp;<\/p>\n<p>Leica M7<\/p>\n<p>&nbsp;<\/p>\n<h3>Warum die M7?<\/h3>\n<p>Seit ich mit der <a href=\"http:\/\/www.vesab.de\/wpvesab\/fotografie\/leica-mp-538\/\">Leica MP<\/a> fotografiere, bin ich vom Sucherkameravirus befallen. Die sch\u00f6ne Anmutung einer Leica und die au\u00dfergew\u00f6hnliche Qualit\u00e4t lassen den ingenieurtechnischen Geist, der dahinter steckt zutage treten. Nat\u00fcrlich l\u00e4sst sich mit solchen Kameras auch ganz hervorragend fotografieren. In der immer schnelleren heutigen Zeit erdet eine soche Kamera ganz besonders und macht die Fotografie wieder zu einem besonderen Erlebnis.<\/p>\n<p>Die M7 ist eine keine rein mechanische Kamera, denn ihr Verschluss wird elektronisch gesteuert. Ich wollte es ausprobieren und fragte mich, ob die Handhabung anders ist, wenn man sich mehr auf die Blende konzentrieren kann, wenn es mal schnell gehen muss. Ist es ein anderes Gef\u00fchl beim Fotografieren mit der M7?<\/p>\n<p>&nbsp;<\/p>\n<p><img loading=\"lazy\" decoding=\"async\" class=\"alignnone size-full wp-image-5023\" src=\"http:\/\/www.vesab.de\/wpvesab\/wp-content\/uploads\/fotografie_leica_m7_01.jpg\" alt=\"fotografie_leica_m7_01\" width=\"800\" height=\"534\" srcset=\"https:\/\/www.vesab.de\/wpvesab\/wp-content\/uploads\/fotografie_leica_m7_01.jpg 800w, https:\/\/www.vesab.de\/wpvesab\/wp-content\/uploads\/fotografie_leica_m7_01-300x200.jpg 300w\" sizes=\"auto, (max-width: 800px) 100vw, 800px\" \/><br \/>\nLeica M7 mit Summicron-M 1:2\/50<\/p>\n<p>&nbsp;<\/p>\n<p>Bisher habe ich nur ausgiebig mit der Leica MP fotografiert &#8211; viele hunderte Filmrollen sind durch die Kamera gewandert und haben das Auge geschult. Nicht das ich ein Profi geworden w\u00e4re &#8211; die Fotografie hat sich aber mit der MP ver\u00e4ndert und vor allem ist der Spa\u00df gewachsen. Belichtungssituationen kann man oft auf eine Blende genau einsch\u00e4tzen und der SW-Film ist heute eher unproblematisch, so dass ein Belichtungsmesser selten notwendig ist. Die M7 ist da eher ein Schritt zur\u00fcck.<\/p>\n<p>Die Leica M7 ist ebenso, wie die MP ein sch\u00f6nes St\u00fcck Kameratechnik und so sehr gro\u00dfe Unterschiede beim fotografieren gibt es nicht. Ich komme mit der M7 \u00e4hnlich gut zurecht und es hat sich kein Aha-Effekt eingestellt. Ich habe die M7 in der Suchervergr\u00f6\u00dferung 0.85fach gew\u00e4hlt, da ich ausschlie\u00dflich mit einem 50er Objektiv fotografiere und der Bildausschnitt mit dem eingespiegelten Bildrahmen damit optimal ist.<\/p>\n<p>&nbsp;<\/p>\n<p><img loading=\"lazy\" decoding=\"async\" class=\"alignnone size-full wp-image-5026\" src=\"http:\/\/www.vesab.de\/wpvesab\/wp-content\/uploads\/fotografie_leica_m7_04.jpg\" alt=\"fotografie_leica_m7_04\" width=\"800\" height=\"534\" srcset=\"https:\/\/www.vesab.de\/wpvesab\/wp-content\/uploads\/fotografie_leica_m7_04.jpg 800w, https:\/\/www.vesab.de\/wpvesab\/wp-content\/uploads\/fotografie_leica_m7_04-300x200.jpg 300w\" sizes=\"auto, (max-width: 800px) 100vw, 800px\" \/><\/p>\n<p>die Funktion AUTO kennzeichnet die M7<\/p>\n<p>&nbsp;<\/p>\n<h3>Leica MP oder M7?<\/h3>\n<p>Wenn ich mich entscheiden m\u00fcsste, w\u00fcrde ich der MP den Vorzug geben. Es ist zwar sch\u00f6n, sich nicht mehr auf die Belichtungszeit konzentrieren zu m\u00fcssen aber es ist nicht ausschlaggebend f\u00fcr mich. Die Formen der Leica MP, die kleinen Unterschiede sind es, die das Herz f\u00fcr die MP h\u00f6her schlagen lassen. Es ist also eher eine subjektive und haptische Angelegenheit und kein objektiver Grund, warum ich der MP den Vorzug geben w\u00fcrde.<\/p>\n<p>&nbsp;<\/p>\n<p><img loading=\"lazy\" decoding=\"async\" class=\"alignnone size-full wp-image-5025\" src=\"http:\/\/www.vesab.de\/wpvesab\/wp-content\/uploads\/fotografie_leica_m7_03.jpg\" alt=\"fotografie_leica_m7_03\" width=\"800\" height=\"534\" srcset=\"https:\/\/www.vesab.de\/wpvesab\/wp-content\/uploads\/fotografie_leica_m7_03.jpg 800w, https:\/\/www.vesab.de\/wpvesab\/wp-content\/uploads\/fotografie_leica_m7_03-300x200.jpg 300w\" sizes=\"auto, (max-width: 800px) 100vw, 800px\" \/><\/p>\n<p>die M7 ist ebenfalls eine handliche Kamera<\/p>\n<p>&nbsp;<\/p>\n<h3>Technik der Leica M7<\/h3>\n<p>Wie die MP hat auch die M7 beste innere Werte. Die Kosten f\u00fcr MP und M7 sind ebenfalls gleich. Einige technische Merkmale sind:<\/p>\n<ul>\n<li><span style=\"letter-spacing: 0.05em;\">alle Bedienelemente komplett aus Metall, Kamerageh\u00e4use ebenso<\/span><\/li>\n<li><span style=\"letter-spacing: 0.05em;\">Tuchschlitzverschluss, konkurrenzlos leise, extrem kurze Ausl\u00f6severz\u00f6gerung, weich, ersch\u00fctterungsfrei<\/span><\/li>\n<li><span style=\"letter-spacing: 0.05em;\">Me\u00dfsucher 0,85fach mit Einspiegelung von 5 Brennweitenrahmen (35, 50, 75, 90, 135)<br \/>\n<\/span><\/li>\n<li><span style=\"letter-spacing: 0.05em;\">TTl-Me\u00dfsystem mit Lichtwaage und sehr genauer Differenzierung<\/span><\/li>\n<li><span style=\"letter-spacing: 0.05em;\">stufenlose elektronische Zeiten von 1s bis 1\/1000s (genauer als bei der MP)<br \/>\n<\/span><\/li>\n<li>mechanische Zeiten 1\/60s und 1\/125s, welche stromlos funktionieren<\/li>\n<li><span style=\"letter-spacing: 0.05em;\">Abmessungen ca.138mm x 79,5mm x 38mm, Geh\u00e4use wiegt ca. 610 g (ca. 4mm h\u00f6her als MP)<br \/>\n<\/span><\/li>\n<\/ul>\n<p>&nbsp;<\/p>\n<p><img loading=\"lazy\" decoding=\"async\" class=\"alignnone size-full wp-image-5028\" src=\"http:\/\/www.vesab.de\/wpvesab\/wp-content\/uploads\/fotografie_leica_m7_06.jpg\" alt=\"fotografie_leica_m7_06\" width=\"800\" height=\"534\" srcset=\"https:\/\/www.vesab.de\/wpvesab\/wp-content\/uploads\/fotografie_leica_m7_06.jpg 800w, https:\/\/www.vesab.de\/wpvesab\/wp-content\/uploads\/fotografie_leica_m7_06-300x200.jpg 300w\" sizes=\"auto, (max-width: 800px) 100vw, 800px\" \/><\/p>\n<p>die Kamera kommt auch mit TTL-Blitzbelichtungsmessung daher (wer es braucht)<\/p>\n<p>&nbsp;<\/p>\n<h3>Fazit<\/h3>\n<p>Sehr sch\u00f6ne Kamera, welche durch den elektronischen Verschluss genauer arbeitet und evtl. etwas schneller in eiligen Situationen ist. Ich teste das weiter bei der <a href=\"http:\/\/www.vesab.de\/wpvesab\/storys\/the-leica-as-teacher-1966\/\">street<\/a>-Fotografie aus&#8230;<\/p>\n<p>&nbsp;<\/p>\n<p>&nbsp;<\/p>\n<p>&nbsp;<\/p>\n<p>&nbsp;<\/p>\n","protected":false},"excerpt":{"rendered":"<p>Alternative Leica &nbsp; &nbsp; Leica M7 &nbsp; Warum die M7? Seit ich mit der Leica MP fotografiere, bin ich vom Sucherkameravirus befallen. Die sch\u00f6ne Anmutung einer Leica und die au\u00dfergew\u00f6hnliche Qualit\u00e4t lassen den ingenieurtechnischen&#46;&#46;&#46;<\/p>\n","protected":false},"author":2,"featured_media":5023,"comment_status":"open","ping_status":"open","sticky":false,"template":"","format":"standard","meta":{"footnotes":""},"categories":[42,36,267,151],"tags":[636,76,75,644,150,78],"class_list":["post-5021","post","type-post","status-publish","format-standard","has-post-thumbnail","hentry","category-fotografie_analog","category-fotografie","category-leica-fotografie","category-street","tag-fotografie_analog","tag-fotografie-2","tag-leica","tag-leica-m7","tag-streetfotografie","tag-summicron"],"_links":{"self":[{"href":"https:\/\/www.vesab.de\/wpvesab\/wp-json\/wp\/v2\/posts\/5021","targetHints":{"allow":["GET"]}}],"collection":[{"href":"https:\/\/www.vesab.de\/wpvesab\/wp-json\/wp\/v2\/posts"}],"about":[{"href":"https:\/\/www.vesab.de\/wpvesab\/wp-json\/wp\/v2\/types\/post"}],"author":[{"embeddable":true,"href":"https:\/\/www.vesab.de\/wpvesab\/wp-json\/wp\/v2\/users\/2"}],"replies":[{"embeddable":true,"href":"https:\/\/www.vesab.de\/wpvesab\/wp-json\/wp\/v2\/comments?post=5021"}],"version-history":[{"count":0,"href":"https:\/\/www.vesab.de\/wpvesab\/wp-json\/wp\/v2\/posts\/5021\/revisions"}],"wp:featuredmedia":[{"embeddable":true,"href":"https:\/\/www.vesab.de\/wpvesab\/wp-json\/wp\/v2\/media\/5023"}],"wp:attachment":[{"href":"https:\/\/www.vesab.de\/wpvesab\/wp-json\/wp\/v2\/media?parent=5021"}],"wp:term":[{"taxonomy":"category","embeddable":true,"href":"https:\/\/www.vesab.de\/wpvesab\/wp-json\/wp\/v2\/categories?post=5021"},{"taxonomy":"post_tag","embeddable":true,"href":"https:\/\/www.vesab.de\/wpvesab\/wp-json\/wp\/v2\/tags?post=5021"}],"curies":[{"name":"wp","href":"https:\/\/api.w.org\/{rel}","templated":true}]}}