{"id":6286,"date":"2017-04-30T17:12:34","date_gmt":"2017-04-30T15:12:34","guid":{"rendered":"http:\/\/www.vesab.de\/wpvesab\/?p=6286"},"modified":"2022-02-08T23:45:53","modified_gmt":"2022-02-08T21:45:53","slug":"leica-m9","status":"publish","type":"post","link":"https:\/\/www.vesab.de\/wpvesab\/fotografie\/leica-m9-6286\/","title":{"rendered":"Leica M9"},"content":{"rendered":"<p><img loading=\"lazy\" decoding=\"async\" class=\"alignnone wp-image-6290 size-full\" src=\"http:\/\/www.vesab.de\/wpvesab\/wp-content\/uploads\/fotografie_digital_leica_m9_01.jpg\" alt=\"\" width=\"1000\" height=\"667\" srcset=\"https:\/\/www.vesab.de\/wpvesab\/wp-content\/uploads\/fotografie_digital_leica_m9_01.jpg 1000w, https:\/\/www.vesab.de\/wpvesab\/wp-content\/uploads\/fotografie_digital_leica_m9_01-300x200.jpg 300w, https:\/\/www.vesab.de\/wpvesab\/wp-content\/uploads\/fotografie_digital_leica_m9_01-768x512.jpg 768w\" sizes=\"auto, (max-width: 1000px) 100vw, 1000px\" \/><\/p>\n<p>Leica M9 mit Summicron 50\/2<\/p>\n<p>&nbsp;<\/p>\n<h3>Weiter digital?<\/h3>\n<p>Seitdem ich 2010 das <a href=\"http:\/\/www.vesab.de\/wpvesab\/storys\/the-leica-as-teacher-1966\/\">Experiment<\/a> zur Leica mitgemacht habe, fotografiere ich fast ausschlie\u00dflich mit Leica-Kameras. Bis 2016 waren es haupts\u00e4chlich analoge Leicas aber seitdem ich meine Dunkelkammer vor\u00fcbergehend r\u00e4umen musste, bin ich auf die digitale Variante umgestiegen. Hat sich nun etwas ver\u00e4ndert? Ja und nein. Das Fotografieren macht genauso viel Spa\u00df aber das eigent\u00fcmliche Gef\u00fchl bei einem analogen Film fehlt. Selbst die Qualit\u00e4t einer <a href=\"http:\/\/www.vesab.de\/wpvesab\/fotografie\/leica-mp-538\/\">analogen MP<\/a> ist besser als die der M9. Die Ergebnisse sind wahrscheinlich \u00e4hnlich, denn es kommt mehr auf die Stimmung als die Technik man beim Ausflug mit der Kamera.<\/p>\n<p>&nbsp;<\/p>\n<p><img loading=\"lazy\" decoding=\"async\" class=\"alignnone size-full wp-image-6296\" src=\"http:\/\/www.vesab.de\/wpvesab\/wp-content\/uploads\/fotografie_digital_leica_m9_07.jpg\" alt=\"\" width=\"1000\" height=\"667\" srcset=\"https:\/\/www.vesab.de\/wpvesab\/wp-content\/uploads\/fotografie_digital_leica_m9_07.jpg 1000w, https:\/\/www.vesab.de\/wpvesab\/wp-content\/uploads\/fotografie_digital_leica_m9_07-300x200.jpg 300w, https:\/\/www.vesab.de\/wpvesab\/wp-content\/uploads\/fotografie_digital_leica_m9_07-768x512.jpg 768w\" sizes=\"auto, (max-width: 1000px) 100vw, 1000px\" \/><br \/>\nLeica M9 mit Summicron 50\/2<\/p>\n<p>&nbsp;<\/p>\n<h3>Leica M9<\/h3>\n<p>Die M9 w\u00e4hlte ich aufgrund des Vollformats und der vorhandenen Objektive. Am meisten gef\u00e4llt mir an der M9:<\/p>\n<ul>\n<li><span style=\"letter-spacing: 0.05em;\">kompatibel mit den M-Objektiven \ud83d\ude09<\/span><\/li>\n<li><span style=\"letter-spacing: 0.05em;\">gleicher Formfaktor &#8211; gleiche Ergonomie wie meine <a title=\"Leica MP\" href=\"http:\/\/www.vesab.de\/wpvesab\/fotografie\/leica-mp-538\/\">MP<\/a> (ungef\u00e4hr)<\/span><\/li>\n<li><span style=\"letter-spacing: 0.05em;\">sch\u00f6n klein, wenig Schlepperei<\/span><\/li>\n<li><span style=\"letter-spacing: 0.05em;\">sehr gut verarbeitet &#8211; hohe Qualit\u00e4t &#8211; Bildqualit\u00e4t v\u00f6llig ausreichend<\/span><\/li>\n<li><span style=\"letter-spacing: 0.05em;\">relativ leise &#8211; das Aufzugsger\u00e4usch st\u00f6rt manchmal doch<br \/>\n<\/span><\/li>\n<li><span style=\"letter-spacing: 0.05em;\">nur minimalistische Bedienelemente (\u00fcberhaupt kein Spielkram dran &#8211; fast wie <a title=\"Leica MP\" href=\"http:\/\/www.vesab.de\/wpvesab\/fotografie\/leica-mp-538\/\">Leica MP<\/a>)<\/span><\/li>\n<\/ul>\n<p>&nbsp;<\/p>\n<p><img loading=\"lazy\" decoding=\"async\" class=\"alignnone size-full wp-image-6292\" src=\"http:\/\/www.vesab.de\/wpvesab\/wp-content\/uploads\/fotografie_digital_leica_m9_03.jpg\" alt=\"\" width=\"1000\" height=\"667\" srcset=\"https:\/\/www.vesab.de\/wpvesab\/wp-content\/uploads\/fotografie_digital_leica_m9_03.jpg 1000w, https:\/\/www.vesab.de\/wpvesab\/wp-content\/uploads\/fotografie_digital_leica_m9_03-300x200.jpg 300w, https:\/\/www.vesab.de\/wpvesab\/wp-content\/uploads\/fotografie_digital_leica_m9_03-768x512.jpg 768w\" sizes=\"auto, (max-width: 1000px) 100vw, 1000px\" \/><\/p>\n<p>meine M9 mit einem Schnellspannfu\u00df von Markins &#8211; nicht ganz auf Hochglanz poliert &#8211; halt eine Einsatzkamera<\/p>\n<p>&nbsp;<\/p>\n<p>W\u00e4hrend des letzten halben Jahres konnte ich die M9 mit meinen bisherigen Leicas, wie die <a href=\"http:\/\/www.vesab.de\/wpvesab\/fotografie\/leica-mp-538\/\">Leica MP<\/a>, die <a href=\"http:\/\/www.vesab.de\/wpvesab\/fotografie\/leica-m7-2-5021\/\">Leica M7<\/a>, die <a href=\"http:\/\/www.vesab.de\/wpvesab\/fotografie\/leica-m4-2-5572\/\">Leica M4-2<\/a> und auch die <a href=\"http:\/\/www.vesab.de\/wpvesab\/fotografie\/leica-m-modell-m8-511\/\">Leica M8<\/a> vergleichen. Bis auf die MP ist die Leica M9 \u00fcberall besser, nat\u00fcrlich lasse ich hier den Unterschied analog\/digital weg &#8211; das w\u00e4re sonst unfair.<\/p>\n<p>&nbsp;<\/p>\n<p><img loading=\"lazy\" decoding=\"async\" class=\"alignnone size-full wp-image-6293\" src=\"http:\/\/www.vesab.de\/wpvesab\/wp-content\/uploads\/fotografie_digital_leica_m9_04.jpg\" alt=\"\" width=\"1000\" height=\"667\" srcset=\"https:\/\/www.vesab.de\/wpvesab\/wp-content\/uploads\/fotografie_digital_leica_m9_04.jpg 1000w, https:\/\/www.vesab.de\/wpvesab\/wp-content\/uploads\/fotografie_digital_leica_m9_04-300x200.jpg 300w, https:\/\/www.vesab.de\/wpvesab\/wp-content\/uploads\/fotografie_digital_leica_m9_04-768x512.jpg 768w\" sizes=\"auto, (max-width: 1000px) 100vw, 1000px\" \/><\/p>\n<p>man sieht deutlich die Gebrauchsspuren &#8211; das kann die Kamera aber ab<\/p>\n<p>&nbsp;<\/p>\n<p>Hier meine nicht so positiven Eindr\u00fccke:<\/p>\n<ul>\n<li><span style=\"letter-spacing: 0.05em;\">das Aufzugsger\u00e4usch kann man nicht abstellen, z.B. &#8222;manuell&#8220; aufziehen<br \/>\n<\/span><\/li>\n<li><span style=\"letter-spacing: 0.05em;\">Batterieabh\u00e4ngigkeit und damit auch zus\u00e4tzliches Zeug, wie Ladegr\u00e4t, Zweitakku<br \/>\n<\/span><\/li>\n<li><span style=\"letter-spacing: 0.05em;\">Plastikeinbauten, wenn man den unteren Deckel abnimmt<\/span><\/li>\n<li><span style=\"letter-spacing: 0.05em;\">der untere Deckel ist nicht so stabil &#8211; bei meiner M9 bereits verbogen<\/span><\/li>\n<li><span style=\"letter-spacing: 0.05em;\">Ausl\u00f6ser klemmt manchmal in oberer Stellung &#8211; Aufzug funktioniert dann nicht bei K\u00e4lte<br \/>\n<\/span><\/li>\n<\/ul>\n<p>&nbsp;<\/p>\n<p><img loading=\"lazy\" decoding=\"async\" class=\"alignnone size-full wp-image-6295\" src=\"http:\/\/www.vesab.de\/wpvesab\/wp-content\/uploads\/fotografie_digital_leica_m9_06.jpg\" alt=\"\" width=\"1000\" height=\"667\" srcset=\"https:\/\/www.vesab.de\/wpvesab\/wp-content\/uploads\/fotografie_digital_leica_m9_06.jpg 1000w, https:\/\/www.vesab.de\/wpvesab\/wp-content\/uploads\/fotografie_digital_leica_m9_06-300x200.jpg 300w, https:\/\/www.vesab.de\/wpvesab\/wp-content\/uploads\/fotografie_digital_leica_m9_06-768x512.jpg 768w\" sizes=\"auto, (max-width: 1000px) 100vw, 1000px\" \/><\/p>\n<p>M\u00e4usekino wie bei der M8<\/p>\n<p>&nbsp;<\/p>\n<p><img loading=\"lazy\" decoding=\"async\" class=\"alignnone size-full wp-image-510\" src=\"http:\/\/www.vesab.de\/wpvesab\/wp-content\/uploads\/fotografie_digital_leica_m8-2.jpg\" alt=\"fotografie_digital_leica_m8-2\" width=\"600\" height=\"400\" srcset=\"https:\/\/www.vesab.de\/wpvesab\/wp-content\/uploads\/fotografie_digital_leica_m8-2.jpg 600w, https:\/\/www.vesab.de\/wpvesab\/wp-content\/uploads\/fotografie_digital_leica_m8-2-300x200.jpg 300w\" sizes=\"auto, (max-width: 600px) 100vw, 600px\" \/><\/p>\n<p>Vergleich zwischen M8 und <a title=\"Leica MP\" href=\"http:\/\/www.vesab.de\/wpvesab\/?p=538\">MP<\/a> (M8 etwas volumin\u00f6ser, genau wie die M9)<\/p>\n<p>&nbsp;<\/p>\n<h3>Technik der Leica M9<\/h3>\n<p>Die M9 ist die erste digitale Vollformatkamera der M-Reihe und nach der M8 relativ ausgereift. Hier die wichtigsten Daten:<\/p>\n<ul>\n<li><span style=\"letter-spacing: 0.05em;\">Sensor 24 x 36mm Kleinbildformat, 18 Mio Pixel<br \/>\n<\/span><\/li>\n<li><span style=\"letter-spacing: 0.05em;\">elektronischer Verschluss 8s bis 1\/4000s manuell und Automatik bis 32s<br \/>\n<\/span><\/li>\n<li>ISO 80 bis 2500<\/li>\n<li><span style=\"letter-spacing: 0.05em;\">Me\u00dfsucher 0,72fach mit Einspiegelung von 6 Brennweitenrahmen<\/span><\/li>\n<li><span style=\"letter-spacing: 0.05em;\">manuelle Belichtung m\u00f6glich (plus Zeitautomatik)<\/span><\/li>\n<li><span style=\"letter-spacing: 0.05em;\">Display 2,5&#8243; 230.000 Bildpunkte (wie M8)<br \/>\n<\/span><\/li>\n<li><span style=\"letter-spacing: 0.05em;\">Abmessungen ca.139 x 80 x 37mm, Geh\u00e4use wiegt ca. 585 g<\/span><\/li>\n<\/ul>\n<p>&nbsp;<\/p>\n<p><img loading=\"lazy\" decoding=\"async\" class=\"alignnone size-full wp-image-6294\" src=\"http:\/\/www.vesab.de\/wpvesab\/wp-content\/uploads\/fotografie_digital_leica_m9_05.jpg\" alt=\"\" width=\"1000\" height=\"667\" srcset=\"https:\/\/www.vesab.de\/wpvesab\/wp-content\/uploads\/fotografie_digital_leica_m9_05.jpg 1000w, https:\/\/www.vesab.de\/wpvesab\/wp-content\/uploads\/fotografie_digital_leica_m9_05-300x200.jpg 300w, https:\/\/www.vesab.de\/wpvesab\/wp-content\/uploads\/fotografie_digital_leica_m9_05-768x512.jpg 768w\" sizes=\"auto, (max-width: 1000px) 100vw, 1000px\" \/><\/p>\n<p>Leica M9 mit Gebrauchsspuren = Patina<\/p>\n<p>&nbsp;<\/p>\n<h3>Bilder und Fazit<\/h3>\n<p>Werde die Leica M9 weiter benutzen und mir wieder eine MP zulegen und dann beide parallel gebrauchen. Der Vorteil der schnellen Bildbverf\u00fcgbarkeit ist schon hoch und der Arbeitsprozess ist deutlich einfacher. Habe weiterhin viel Streetfotografie mit der M9 gemacht und sie ist daf\u00fcr sehr gut geeignet. Trotzdem finde ich die MP besser und auch den analogen Prozess.<\/p>\n<p>&nbsp;<\/p>\n<p><img loading=\"lazy\" decoding=\"async\" class=\"alignnone size-full wp-image-6237\" src=\"http:\/\/www.vesab.de\/wpvesab\/wp-content\/uploads\/street_oslo_10.jpg\" alt=\"\" width=\"1200\" height=\"799\" srcset=\"https:\/\/www.vesab.de\/wpvesab\/wp-content\/uploads\/street_oslo_10.jpg 1200w, https:\/\/www.vesab.de\/wpvesab\/wp-content\/uploads\/street_oslo_10-300x200.jpg 300w, https:\/\/www.vesab.de\/wpvesab\/wp-content\/uploads\/street_oslo_10-768x511.jpg 768w, https:\/\/www.vesab.de\/wpvesab\/wp-content\/uploads\/street_oslo_10-1180x786.jpg 1180w\" sizes=\"auto, (max-width: 1200px) 100vw, 1200px\" \/><\/p>\n<p><img loading=\"lazy\" decoding=\"async\" class=\"alignnone size-full wp-image-6248\" src=\"http:\/\/www.vesab.de\/wpvesab\/wp-content\/uploads\/street_oslo_21.jpg\" alt=\"\" width=\"1200\" height=\"799\" srcset=\"https:\/\/www.vesab.de\/wpvesab\/wp-content\/uploads\/street_oslo_21.jpg 1200w, https:\/\/www.vesab.de\/wpvesab\/wp-content\/uploads\/street_oslo_21-300x200.jpg 300w, https:\/\/www.vesab.de\/wpvesab\/wp-content\/uploads\/street_oslo_21-768x511.jpg 768w, https:\/\/www.vesab.de\/wpvesab\/wp-content\/uploads\/street_oslo_21-1180x786.jpg 1180w\" sizes=\"auto, (max-width: 1200px) 100vw, 1200px\" \/><br \/>\nf\u00fcr street eine gute Alternative zur <a title=\"Leica MP\" href=\"http:\/\/www.vesab.de\/wpvesab\/?p=538\">MP<\/a><\/p>\n<p>&nbsp;<\/p>\n","protected":false},"excerpt":{"rendered":"<p>Leica M9 mit Summicron 50\/2 &nbsp; Weiter digital? Seitdem ich 2010 das Experiment zur Leica mitgemacht habe, fotografiere ich fast ausschlie\u00dflich mit Leica-Kameras. Bis 2016 waren es haupts\u00e4chlich analoge Leicas aber seitdem ich meine&#46;&#46;&#46;<\/p>\n","protected":false},"author":2,"featured_media":6290,"comment_status":"open","ping_status":"open","sticky":false,"template":"","format":"standard","meta":{"footnotes":""},"categories":[43,36,267,151],"tags":[637,76,75,73,74],"class_list":["post-6286","post","type-post","status-publish","format-standard","has-post-thumbnail","hentry","category-fotografie_digital","category-fotografie","category-leica-fotografie","category-street","tag-fotografie_digital","tag-fotografie-2","tag-leica","tag-leica-m8","tag-leica-mp"],"_links":{"self":[{"href":"https:\/\/www.vesab.de\/wpvesab\/wp-json\/wp\/v2\/posts\/6286","targetHints":{"allow":["GET"]}}],"collection":[{"href":"https:\/\/www.vesab.de\/wpvesab\/wp-json\/wp\/v2\/posts"}],"about":[{"href":"https:\/\/www.vesab.de\/wpvesab\/wp-json\/wp\/v2\/types\/post"}],"author":[{"embeddable":true,"href":"https:\/\/www.vesab.de\/wpvesab\/wp-json\/wp\/v2\/users\/2"}],"replies":[{"embeddable":true,"href":"https:\/\/www.vesab.de\/wpvesab\/wp-json\/wp\/v2\/comments?post=6286"}],"version-history":[{"count":0,"href":"https:\/\/www.vesab.de\/wpvesab\/wp-json\/wp\/v2\/posts\/6286\/revisions"}],"wp:featuredmedia":[{"embeddable":true,"href":"https:\/\/www.vesab.de\/wpvesab\/wp-json\/wp\/v2\/media\/6290"}],"wp:attachment":[{"href":"https:\/\/www.vesab.de\/wpvesab\/wp-json\/wp\/v2\/media?parent=6286"}],"wp:term":[{"taxonomy":"category","embeddable":true,"href":"https:\/\/www.vesab.de\/wpvesab\/wp-json\/wp\/v2\/categories?post=6286"},{"taxonomy":"post_tag","embeddable":true,"href":"https:\/\/www.vesab.de\/wpvesab\/wp-json\/wp\/v2\/tags?post=6286"}],"curies":[{"name":"wp","href":"https:\/\/api.w.org\/{rel}","templated":true}]}}