{"id":639,"date":"2009-04-17T08:33:49","date_gmt":"2009-04-17T06:33:49","guid":{"rendered":"http:\/\/www.vesab.de\/wpvesab\/?p=639"},"modified":"2015-12-30T19:10:38","modified_gmt":"2015-12-30T17:10:38","slug":"busausbau-mb208d","status":"publish","type":"post","link":"https:\/\/www.vesab.de\/wpvesab\/fahrzeuge\/busausbau-mb208d-639\/","title":{"rendered":"Busausbau MB208D"},"content":{"rendered":"<p><img loading=\"lazy\" decoding=\"async\" class=\"alignnone size-full wp-image-618\" src=\"http:\/\/www.vesab.de\/wpvesab\/wp-content\/uploads\/fahrzeuge_bus_minna_01.jpg\" alt=\"fahrzeuge_bus_minna_01\" width=\"800\" height=\"306\" srcset=\"https:\/\/www.vesab.de\/wpvesab\/wp-content\/uploads\/fahrzeuge_bus_minna_01.jpg 800w, https:\/\/www.vesab.de\/wpvesab\/wp-content\/uploads\/fahrzeuge_bus_minna_01-300x114.jpg 300w\" sizes=\"auto, (max-width: 800px) 100vw, 800px\" \/><\/p>\n<p>&#8218;Minna&#8216; in Schweden<\/p>\n<p>&nbsp;<\/p>\n<h3>Der Bus<\/h3>\n<p>Freiheit im eigenen Wohnmobil genie\u00dfen, die gegenden erkunden, unabh\u00e4ngig von Infrastruktur und Zeltpl\u00e4tzen. Diese Idee wollte ich einmal verwirklichen. Leider sind Wohnmobile extrem teuer und nicht individuell. Au\u00dferdem sind sie uncool \ud83d\ude09 Ein alter Bus musste also her.<\/p>\n<p>&nbsp;<\/p>\n<p><img loading=\"lazy\" decoding=\"async\" class=\"alignnone size-full wp-image-619\" src=\"http:\/\/www.vesab.de\/wpvesab\/wp-content\/uploads\/fahrzeuge_bus_minna_02.jpg\" alt=\"fahrzeuge_bus_minna_02\" width=\"600\" height=\"391\" srcset=\"https:\/\/www.vesab.de\/wpvesab\/wp-content\/uploads\/fahrzeuge_bus_minna_02.jpg 600w, https:\/\/www.vesab.de\/wpvesab\/wp-content\/uploads\/fahrzeuge_bus_minna_02-300x195.jpg 300w\" sizes=\"auto, (max-width: 600px) 100vw, 600px\" \/><\/p>\n<p>Fertigstellung nach Sanierung und Ausbau<\/p>\n<p>Im Bus sind vier durchgeschraubte Halte\u00f6sen aus Edelstahl eingelassen (umklappbar). Damit kann man Motorr\u00e4der oder andere schwere Gegenst\u00e4nde fest verzurren und somit sicher transportieren. Die Inneneinrichtung wurde so konzipiert, dass eine Nutzung als Transporter eingeschr\u00e4nkt m\u00f6glich ist. Es lasen sich also Motorr\u00e4der, mehrere Fahrr\u00e4der, Boote bis ca. 3,20m oder \u00e4hnliche sperrige Dinge gesch\u00fctzt im Innenraum transportieren. Der Tisch ist abnehmbar uns somit ist die komplette Mittelfl\u00e4che frei f\u00fcr Gegenst\u00e4nde. Ich habe damit schon verschiedene Motorradreisen (also mitgenommenes Motorrad) durchgef\u00fchrt und auch diverse Umz\u00fcge waren kein Problem.<\/p>\n<p>&nbsp;<\/p>\n<h3>Technische Daten<\/h3>\n<p>Den Bus habe ich erst saniert und dann nach meinen Bed\u00fcrfnissen (quadratisch, praktisch, gut f\u00fcr 3 Personen) ausgebaut. Hier die grundlegenden technischen Daten f\u00fcr den Bus und den Ausbau:<\/p>\n<ul>\n<li><span style=\"letter-spacing: 0.05em;\">Grundlage: Mercedes Benz 208D (lang und hoch), vorn 2,5 Sitze (Fahrersitz und Sitzbank)<\/span><\/li>\n<li><span style=\"letter-spacing: 0.05em;\">Motor: 4-Zylinder Diesel ca. 80 PS bei sparsamer Fahrweise 8-9 Liter\/100km<\/span><\/li>\n<li><span style=\"letter-spacing: 0.05em;\">Kabine von Fahrgastraum getrennt<\/span><\/li>\n<li><span style=\"letter-spacing: 0.05em;\">12Volt und 230Volt in der Kabine (mit FI-Absicherung)<\/span><\/li>\n<li><span style=\"letter-spacing: 0.05em;\">2. Batterie nur f\u00fcr Wohnteil (ladbar \u00fcber 80A-Schaltrelais &#8211; automatisch und Netzteil)<\/span><\/li>\n<li><span style=\"letter-spacing: 0.05em;\">Gasheizung und getrennter Flaschenbeh\u00e4lter (Au\u00dfenbel\u00fcftung; muss aber abgenommen werden &#8211; fkt. seit drei Jahren)<\/span><\/li>\n<li><span style=\"letter-spacing: 0.05em;\">Dachfenster mit Ventilator (stufenlos regelbar &#8211; in\/out, m\u00fcckengesch\u00fctzt)<\/span><\/li>\n<li><span style=\"letter-spacing: 0.05em;\">gro\u00dfe Schiebet\u00fcr und hinten doppelte T\u00fcr<\/span><\/li>\n<li><span style=\"letter-spacing: 0.05em;\">Wohnteil komplett mit astfreiem! Holz ausgebaut (Luftisolierung &#8211; schimmelt nie) &#8211; Stehh\u00f6he 1,85cm<\/span><\/li>\n<li><span style=\"letter-spacing: 0.05em;\">Boden isoliert plus OSB-Platte (schwimmend verlegt)<\/span><\/li>\n<li><span style=\"letter-spacing: 0.05em;\">eine feste Liegefl\u00e4che mit komplett unterbautem Stauraum<\/span><\/li>\n<li><span style=\"letter-spacing: 0.05em;\">eine klappbare Liegefl\u00e4che seitlich<\/span><\/li>\n<li><span style=\"letter-spacing: 0.05em;\">eine dritte Liegefl\u00e4che umbaubar aus Tisch<\/span><\/li>\n<li><span style=\"letter-spacing: 0.05em;\">absenkbarer Tisch, abnahmbar f\u00fcr gr\u00f6\u00dfere Transporte<\/span><\/li>\n<li><span style=\"letter-spacing: 0.05em;\">kleine K\u00fcchenplatte f\u00fcr Mobilkocher mit Unterbauregal<\/span><\/li>\n<li><span style=\"letter-spacing: 0.05em;\">Stauraum (mit Klappen) \u00fcber den Radk\u00e4sten<\/span><\/li>\n<li><span style=\"letter-spacing: 0.05em;\">Regal im Frontbereich, Tuchreihen zur Aufbewahrung an der L\u00e4ngsseite<\/span><\/li>\n<\/ul>\n<p>&nbsp;<\/p>\n<h3>Sanierung und Umbau des Busses<\/h3>\n<p>Als ich den Bus \u00fcbernommen habe, war er nat\u00fcrlich nicht in einem neuwertigen Zustand. Da ich ihn langfristig nutzen wollte, habe ich eine Grundsanierung vorgenommen (bzw. vornehmen lassen). Der technische Teil war sehr gut in Schuss, da das Fahrezug nur im Verein zur Unterrichtung von Kindern (Fahrradunterricht) genutzt wurde, also wenig fuhr aber immer st\u00e4ndig instand gesetzt wurde. Zwei Jahre vor dem kauf wurde auch ein komplette GR gemacht, so dass alle Teile in ordnung waren. Nur der Rost hatte das Fahrzeug bereits angegriffen und da musste was getan werden. ich habe alle Einrichtungen ausgebaut und entsorgt und das Fahrzeug hinten entkernt (inkl. Verkleidungen). So konnte man die Roststellen sehr gut erkennen und bearbeiten. Ich habe alle Roststellen gro\u00dfz\u00fcgig herausschneiden und erneuern lassen. Danach wurde das Fahrzeug unten bis zur Sicke (siehe dunkelgr\u00fcner Bereich) neu lackiert. Alles wurde in einer KFZ-Werkstatt durchgef\u00fchrt (also nicht von mir). Hier die einzelnen Arbeiten (mit Rechnung!):<\/p>\n<ul>\n<li><span style=\"letter-spacing: 0.05em;\">Schwei\u00df- und Lackierarbeiten Februar 2007 (Rechnung 2295 Euro)<\/span><\/li>\n<li><span style=\"letter-spacing: 0.05em;\">Innausbau Holz und technische Einbauten bis Sommer 2007 (diverse Rechnungen ca. 2000 Euro)<\/span><\/li>\n<li><span style=\"letter-spacing: 0.05em;\">Zahnriemenwechsel Dezember 2007 (Rechnung 690 Euro)<\/span><\/li>\n<li><span style=\"letter-spacing: 0.05em;\">Schwei\u00df- und Lackierarbeiten, Reparaturen 2008 (Rechnungen 1036 Euro)<\/span><\/li>\n<li><span style=\"letter-spacing: 0.05em;\">Gasheizung und Einbaumaterial 2008 (ca. 500 Euro)<\/span><\/li>\n<li><span style=\"letter-spacing: 0.05em;\">Auspuff erneuert 2009 (Rechnung 366 Euro)<\/span><\/li>\n<li><span style=\"letter-spacing: 0.05em;\">Bremsen komplett erneuert 2009 (Rechnung 1273 Euro)<\/span><\/li>\n<li><span style=\"letter-spacing: 0.05em;\">diverse Arbeiten 2009 (400 Euro)<\/span><\/li>\n<li><span style=\"letter-spacing: 0.05em;\">diverse Arbeiten 2010 (300 Euro)<\/span><\/li>\n<\/ul>\n<p>&nbsp;<\/p>\n<p>Insgesamt habe ich zus\u00e4tzlich zum Kaufpreis also insgesamt ca. 10.000 Euro in den letzten 3 Jahren in den Bus investiert (Summe der obenstehenden Rechnungen bel\u00e4uft sich auf 8860 Euro). Da der Motor bis jetzt nur 197.000 km Laufleistung hat, ist das Auto relativ unverbraucht. Die letzten 100.000 km bin ich ja selbst gefahren und habe das Auto entsprechend geschont (soll ja halten). Experimente mit Pflanzen\u00f6l habe ich unterlassen, obwohl der Motor ja ohne Umbau daf\u00fcr lauff\u00e4hig w\u00e4re.<\/p>\n<p><img loading=\"lazy\" decoding=\"async\" class=\"alignnone size-full wp-image-620\" src=\"http:\/\/www.vesab.de\/wpvesab\/wp-content\/uploads\/fahrzeuge_bus_minna_03.jpg\" alt=\"fahrzeuge_bus_minna_03\" width=\"600\" height=\"400\" srcset=\"https:\/\/www.vesab.de\/wpvesab\/wp-content\/uploads\/fahrzeuge_bus_minna_03.jpg 600w, https:\/\/www.vesab.de\/wpvesab\/wp-content\/uploads\/fahrzeuge_bus_minna_03-300x200.jpg 300w\" sizes=\"auto, (max-width: 600px) 100vw, 600px\" \/><\/p>\n<p>Gletschertour in Norwegen<\/p>\n<p>&nbsp;<\/p>\n<h3>Sanierung und Innenausbau<\/h3>\n<p>Anschlie\u00dfen kurz die Beschreibung der Sanierung und den Innenausbau plus Bilder, so dass man sich einen guten Eindruck von der Arbeit machen kann.<\/p>\n<p><img loading=\"lazy\" decoding=\"async\" class=\"alignnone size-full wp-image-621\" src=\"http:\/\/www.vesab.de\/wpvesab\/wp-content\/uploads\/fahrzeuge_bus_minna_04.jpg\" alt=\"fahrzeuge_bus_minna_04\" width=\"600\" height=\"400\" srcset=\"https:\/\/www.vesab.de\/wpvesab\/wp-content\/uploads\/fahrzeuge_bus_minna_04.jpg 600w, https:\/\/www.vesab.de\/wpvesab\/wp-content\/uploads\/fahrzeuge_bus_minna_04-300x200.jpg 300w\" sizes=\"auto, (max-width: 600px) 100vw, 600px\" \/><\/p>\n<p>beim Kauf hatte der Bus einige Roststellen (vor allem im unteren Bereich)<\/p>\n<p><img loading=\"lazy\" decoding=\"async\" class=\"alignnone size-full wp-image-622\" src=\"http:\/\/www.vesab.de\/wpvesab\/wp-content\/uploads\/fahrzeuge_bus_minna_05.jpg\" alt=\"fahrzeuge_bus_minna_05\" width=\"400\" height=\"533\" srcset=\"https:\/\/www.vesab.de\/wpvesab\/wp-content\/uploads\/fahrzeuge_bus_minna_05.jpg 400w, https:\/\/www.vesab.de\/wpvesab\/wp-content\/uploads\/fahrzeuge_bus_minna_05-225x300.jpg 225w\" sizes=\"auto, (max-width: 400px) 100vw, 400px\" \/><\/p>\n<p>innen komplett entkernt<\/p>\n<p><img loading=\"lazy\" decoding=\"async\" class=\"alignnone size-full wp-image-623\" src=\"http:\/\/www.vesab.de\/wpvesab\/wp-content\/uploads\/fahrzeuge_bus_minna_06.jpg\" alt=\"fahrzeuge_bus_minna_06\" width=\"400\" height=\"533\" srcset=\"https:\/\/www.vesab.de\/wpvesab\/wp-content\/uploads\/fahrzeuge_bus_minna_06.jpg 400w, https:\/\/www.vesab.de\/wpvesab\/wp-content\/uploads\/fahrzeuge_bus_minna_06-225x300.jpg 225w\" sizes=\"auto, (max-width: 400px) 100vw, 400px\" \/><\/p>\n<p>alles entrostet, L\u00f6cher saniert, Rostschutzanstrich mehrfach<\/p>\n<p><img loading=\"lazy\" decoding=\"async\" class=\"alignnone size-full wp-image-624\" src=\"http:\/\/www.vesab.de\/wpvesab\/wp-content\/uploads\/fahrzeuge_bus_minna_07.jpg\" alt=\"fahrzeuge_bus_minna_07\" width=\"600\" height=\"400\" srcset=\"https:\/\/www.vesab.de\/wpvesab\/wp-content\/uploads\/fahrzeuge_bus_minna_07.jpg 600w, https:\/\/www.vesab.de\/wpvesab\/wp-content\/uploads\/fahrzeuge_bus_minna_07-300x200.jpg 300w\" sizes=\"auto, (max-width: 600px) 100vw, 600px\" \/><\/p>\n<p>getr\u00e4nkte Dammplatte als Isolation (schwimmend verlegt)<\/p>\n<p><img loading=\"lazy\" decoding=\"async\" class=\"alignnone size-full wp-image-625\" src=\"http:\/\/www.vesab.de\/wpvesab\/wp-content\/uploads\/fahrzeuge_bus_minna_08.jpg\" alt=\"fahrzeuge_bus_minna_08\" width=\"600\" height=\"400\" srcset=\"https:\/\/www.vesab.de\/wpvesab\/wp-content\/uploads\/fahrzeuge_bus_minna_08.jpg 600w, https:\/\/www.vesab.de\/wpvesab\/wp-content\/uploads\/fahrzeuge_bus_minna_08-300x200.jpg 300w\" sizes=\"auto, (max-width: 600px) 100vw, 600px\" \/><\/p>\n<p>OSB-Platte (komplett verleimt) schwimmend (1cm Fugen an den R\u00e4ndern mit Silikon!)<\/p>\n<p><img loading=\"lazy\" decoding=\"async\" class=\"alignnone size-full wp-image-626\" src=\"http:\/\/www.vesab.de\/wpvesab\/wp-content\/uploads\/fahrzeuge_bus_minna_09.jpg\" alt=\"fahrzeuge_bus_minna_09\" width=\"600\" height=\"400\" srcset=\"https:\/\/www.vesab.de\/wpvesab\/wp-content\/uploads\/fahrzeuge_bus_minna_09.jpg 600w, https:\/\/www.vesab.de\/wpvesab\/wp-content\/uploads\/fahrzeuge_bus_minna_09-300x200.jpg 300w\" sizes=\"auto, (max-width: 600px) 100vw, 600px\" \/><\/p>\n<p>Holzverschalung (astfrei!) mit Luftisolierung (besser, da kein Schwitzwasser = kein Schimmel)<\/p>\n<p><img loading=\"lazy\" decoding=\"async\" class=\"alignnone size-full wp-image-627\" src=\"http:\/\/www.vesab.de\/wpvesab\/wp-content\/uploads\/fahrzeuge_bus_minna_10.jpg\" alt=\"fahrzeuge_bus_minna_10\" width=\"600\" height=\"400\" srcset=\"https:\/\/www.vesab.de\/wpvesab\/wp-content\/uploads\/fahrzeuge_bus_minna_10.jpg 600w, https:\/\/www.vesab.de\/wpvesab\/wp-content\/uploads\/fahrzeuge_bus_minna_10-300x200.jpg 300w\" sizes=\"auto, (max-width: 600px) 100vw, 600px\" \/><\/p>\n<p>gen\u00fcgend Leerrohre f\u00fcr 12Volt und 230 Volt (Kabel k\u00f6nnen nicht durchscheuern)<\/p>\n<p><img loading=\"lazy\" decoding=\"async\" class=\"alignnone size-full wp-image-628\" src=\"http:\/\/www.vesab.de\/wpvesab\/wp-content\/uploads\/fahrzeuge_bus_minna_11.jpg\" alt=\"fahrzeuge_bus_minna_11\" width=\"600\" height=\"400\" srcset=\"https:\/\/www.vesab.de\/wpvesab\/wp-content\/uploads\/fahrzeuge_bus_minna_11.jpg 600w, https:\/\/www.vesab.de\/wpvesab\/wp-content\/uploads\/fahrzeuge_bus_minna_11-300x200.jpg 300w\" sizes=\"auto, (max-width: 600px) 100vw, 600px\" \/><\/p>\n<p>Einbau Dachfenster mit stufenlosem L\u00fcfter (Fiamma)<\/p>\n<p><img loading=\"lazy\" decoding=\"async\" class=\"alignnone size-full wp-image-629\" src=\"http:\/\/www.vesab.de\/wpvesab\/wp-content\/uploads\/fahrzeuge_bus_minna_12.jpg\" alt=\"fahrzeuge_bus_minna_12\" width=\"600\" height=\"400\" srcset=\"https:\/\/www.vesab.de\/wpvesab\/wp-content\/uploads\/fahrzeuge_bus_minna_12.jpg 600w, https:\/\/www.vesab.de\/wpvesab\/wp-content\/uploads\/fahrzeuge_bus_minna_12-300x200.jpg 300w\" sizes=\"auto, (max-width: 600px) 100vw, 600px\" \/><\/p>\n<p>L\u00fcfter komplett eingebaut<\/p>\n<p><img loading=\"lazy\" decoding=\"async\" class=\"alignnone size-full wp-image-630\" src=\"http:\/\/www.vesab.de\/wpvesab\/wp-content\/uploads\/fahrzeuge_bus_minna_13.jpg\" alt=\"fahrzeuge_bus_minna_13\" width=\"600\" height=\"400\" srcset=\"https:\/\/www.vesab.de\/wpvesab\/wp-content\/uploads\/fahrzeuge_bus_minna_13.jpg 600w, https:\/\/www.vesab.de\/wpvesab\/wp-content\/uploads\/fahrzeuge_bus_minna_13-300x200.jpg 300w\" sizes=\"auto, (max-width: 600px) 100vw, 600px\" \/><\/p>\n<p>Elektroinstallation (hier FI-Sicherungsautomat)<\/p>\n<p><img loading=\"lazy\" decoding=\"async\" class=\"alignnone size-full wp-image-631\" src=\"http:\/\/www.vesab.de\/wpvesab\/wp-content\/uploads\/fahrzeuge_bus_minna_14.jpg\" alt=\"fahrzeuge_bus_minna_14\" width=\"600\" height=\"400\" srcset=\"https:\/\/www.vesab.de\/wpvesab\/wp-content\/uploads\/fahrzeuge_bus_minna_14.jpg 600w, https:\/\/www.vesab.de\/wpvesab\/wp-content\/uploads\/fahrzeuge_bus_minna_14-300x200.jpg 300w\" sizes=\"auto, (max-width: 600px) 100vw, 600px\" \/><\/p>\n<p>Einbau Holzverkleidung<\/p>\n<p><img loading=\"lazy\" decoding=\"async\" class=\"alignnone size-full wp-image-632\" src=\"http:\/\/www.vesab.de\/wpvesab\/wp-content\/uploads\/fahrzeuge_bus_minna_15.jpg\" alt=\"fahrzeuge_bus_minna_15\" width=\"600\" height=\"400\" srcset=\"https:\/\/www.vesab.de\/wpvesab\/wp-content\/uploads\/fahrzeuge_bus_minna_15.jpg 600w, https:\/\/www.vesab.de\/wpvesab\/wp-content\/uploads\/fahrzeuge_bus_minna_15-300x200.jpg 300w\" sizes=\"auto, (max-width: 600px) 100vw, 600px\" \/><\/p>\n<p>Einbau Inneneinrichtung<\/p>\n<p><img loading=\"lazy\" decoding=\"async\" class=\"alignnone size-full wp-image-633\" src=\"http:\/\/www.vesab.de\/wpvesab\/wp-content\/uploads\/fahrzeuge_bus_minna_16.jpg\" alt=\"fahrzeuge_bus_minna_16\" width=\"600\" height=\"400\" srcset=\"https:\/\/www.vesab.de\/wpvesab\/wp-content\/uploads\/fahrzeuge_bus_minna_16.jpg 600w, https:\/\/www.vesab.de\/wpvesab\/wp-content\/uploads\/fahrzeuge_bus_minna_16-300x200.jpg 300w\" sizes=\"auto, (max-width: 600px) 100vw, 600px\" \/><\/p>\n<p>Inneneinrichtung wird erweitert (Tisch kann zum Bett umgebaut werden)<\/p>\n<p><img loading=\"lazy\" decoding=\"async\" class=\"alignnone size-full wp-image-634\" src=\"http:\/\/www.vesab.de\/wpvesab\/wp-content\/uploads\/fahrzeuge_bus_minna_17.jpg\" alt=\"fahrzeuge_bus_minna_17\" width=\"600\" height=\"400\" srcset=\"https:\/\/www.vesab.de\/wpvesab\/wp-content\/uploads\/fahrzeuge_bus_minna_17.jpg 600w, https:\/\/www.vesab.de\/wpvesab\/wp-content\/uploads\/fahrzeuge_bus_minna_17-300x200.jpg 300w\" sizes=\"auto, (max-width: 600px) 100vw, 600px\" \/><\/p>\n<p>rechts, Mitte und links ein Schlafplatz (links abklappbar)<\/p>\n<p><img loading=\"lazy\" decoding=\"async\" class=\"alignnone size-full wp-image-635\" src=\"http:\/\/www.vesab.de\/wpvesab\/wp-content\/uploads\/fahrzeuge_bus_minna_18_moped.jpg\" alt=\"fahrzeuge_bus_minna_18_moped\" width=\"600\" height=\"400\" srcset=\"https:\/\/www.vesab.de\/wpvesab\/wp-content\/uploads\/fahrzeuge_bus_minna_18_moped.jpg 600w, https:\/\/www.vesab.de\/wpvesab\/wp-content\/uploads\/fahrzeuge_bus_minna_18_moped-300x200.jpg 300w\" sizes=\"auto, (max-width: 600px) 100vw, 600px\" \/><\/p>\n<p>Motorradtransport (es passen auch zwei Maschinen hinein)<\/p>\n<p><img loading=\"lazy\" decoding=\"async\" class=\"alignnone size-full wp-image-636\" src=\"http:\/\/www.vesab.de\/wpvesab\/wp-content\/uploads\/fahrzeuge_bus_minna_19.jpg\" alt=\"fahrzeuge_bus_minna_19\" width=\"600\" height=\"400\" srcset=\"https:\/\/www.vesab.de\/wpvesab\/wp-content\/uploads\/fahrzeuge_bus_minna_19.jpg 600w, https:\/\/www.vesab.de\/wpvesab\/wp-content\/uploads\/fahrzeuge_bus_minna_19-300x200.jpg 300w\" sizes=\"auto, (max-width: 600px) 100vw, 600px\" \/><\/p>\n<p>Camping in Norwegen<\/p>\n<p>&nbsp;<\/p>\n<h3>Zustand\u00a02012<\/h3>\n<p>Technisch ist der weiterhin sehr gut in Form. Optisch sind schon wieder einige kleinere Roststellen zu sehen. Z.B. ist die Schiebet\u00fcr nicht mehr sch\u00f6n im unteren Bereich und an einigen Kanten sieht man Blasen. Es muss also wieder etwas gemacht werden, wenn man den Fortschritt stoppen will. Das Auto h\u00e4lt nat\u00fcrlich auch so noch einige Jahre durch aber dann greift der Rost wieder um sich. Nat\u00fcrlich ist das heute kein Vergleich mit dem urspr\u00fcnglichen Rostzustand von vor drei Jahren. Die hintere T\u00fcr habe ich nie richtig in Angriff genommen (stand ja immer was davor) und so fehlt immer noch eine Verkleidung (geht zwar schnell aber ich war faul). Die Zwischenwand habe ich auch nie gestrichen, an das Grau habe ich mich irgendwann gew\u00f6hnt. Der Innenausbau hat mir so wie er ist immer gereicht. F\u00fcr genauere Mitmenschen m\u00fcsste ich noch einige Ecken verblenden und hier und da etwas machen. Mir waren die Reisen und die Nutzung nach der Gewaltsanierung wichtiger. Es l\u00e4sst sich sehr gut im Bus leben und die Isolierung ist auch erste Klasse. Das kommt sicher auch dadurch, dass die Fahrgastzelle vom Wohnbereich getrennt ist und so die Hitze aus der gro\u00dfen verglasten Fahrgastzelle nicht nach hinten gelangt (wenn man das Schiebefenster nach vorn zu l\u00e4sst). Nach drei Jahren Nutzung und 100.000 Kilometer auf der Landstra\u00dfe, einigen Umz\u00fcgen und vielen Transporten kann die Einrichtung nicht mehr wie am j\u00fcngsten Tag aussehen. Es sind also Spuren der Nutzung vorhanden. Da ich alle Holzteile mit OSMO gestrichen habe (und vorsorglich nicht mit Lack!), reicht ein abschleifen der Flecken und man kann einfach noch einmal mit OSMO nachstreichen. Ich habe mich damals f\u00fcr das Wachs\u00f6l entschieden, weil es bedeutend umweltvertr\u00e4glicher (sogar f\u00fcr Spielzeug zugelassen!) ist als jeder Lack.<br \/>\nDie Zweitbatterie f\u00fcr den Wohnbereich h\u00e4lt zwar noch (vor 1,5 Jahren getauscht), sollte aber f\u00fcr eine gr\u00f6\u00dfere Reise ausgetauscht werden, wenn man eine K\u00fchlbox dauerhaft betreiben will. Die Gasheizung ist nicht abgenommen! Der Flaschenbeh\u00e4lter ist nach Vorschrift gebaut (dicht und mit Entl\u00fcftung nach aussen) und l\u00e4sst sich dicht verschlie\u00dfen. Ich habe nachts trotzdem immer das Gas abgedreht (auch im Winter), weil ich bei Gas Manschetten habe. Die alte Gasheizung funktioniert immer noch. Die gleiche Anlage hatte ich auch im Boot und selbst die funktionierte noch zuverl\u00e4ssig (dort ist es ja weitaus gef\u00e4hrlicher, weil keine Entl\u00fcftung der Anlage m\u00f6glich ist &#8211; nur der beh\u00e4lter ist entl\u00fcftet).<br \/>\nMan kann sich in den Bus setzen und die n\u00e4chste gro\u00dfe Reise unternehmen. Nat\u00fcrlich kann immer mal was kaputt gehen &#8211; ist ja kein neues Auto. Wer regelm\u00e4\u00dfig schmiert, \u00d6l wechselt und sonst auf Ger\u00e4usche achtet hat mit so einem Arbeitstier lange seine Freude.<\/p>\n<p><img loading=\"lazy\" decoding=\"async\" class=\"alignnone size-full wp-image-637\" src=\"http:\/\/www.vesab.de\/wpvesab\/wp-content\/uploads\/fahrzeuge_bus_minna_20.jpg\" alt=\"fahrzeuge_bus_minna_20\" width=\"600\" height=\"400\" srcset=\"https:\/\/www.vesab.de\/wpvesab\/wp-content\/uploads\/fahrzeuge_bus_minna_20.jpg 600w, https:\/\/www.vesab.de\/wpvesab\/wp-content\/uploads\/fahrzeuge_bus_minna_20-300x200.jpg 300w\" sizes=\"auto, (max-width: 600px) 100vw, 600px\" \/><\/p>\n<p>Winter 2009 Urlaub Ostsee<\/p>\n<p><img loading=\"lazy\" decoding=\"async\" class=\"alignnone size-full wp-image-638\" src=\"http:\/\/www.vesab.de\/wpvesab\/wp-content\/uploads\/fahrzeuge_bus_minna_21.jpg\" alt=\"fahrzeuge_bus_minna_21\" width=\"600\" height=\"400\" srcset=\"https:\/\/www.vesab.de\/wpvesab\/wp-content\/uploads\/fahrzeuge_bus_minna_21.jpg 600w, https:\/\/www.vesab.de\/wpvesab\/wp-content\/uploads\/fahrzeuge_bus_minna_21-300x200.jpg 300w\" sizes=\"auto, (max-width: 600px) 100vw, 600px\" \/><\/p>\n<p>Winter 2008 Urlaub Tschechei<\/p>\n<p>&nbsp;<\/p>\n<h3>Fazit<\/h3>\n<p>Ich habe den Bus zwischenzeitlich verkaufen m\u00fcssen &#8211; der deutschen Politik sei Dank! Ich kam leider nicht mehr in die Umweltzonen hinein &#8211; was ich immerhin 2 Jahre trotzdem gemacht habe &#8211; und ich nutzte den Bus auch \u00f6fter zum \u00dcbernachten in gro\u00dfen St\u00e4dten, da er recht unauff\u00e4llig ist. Heute \u00e4rgere ich mich \u00fcber den Verkauf, denn die Preise waren im Keller und ich k\u00f6nnte ihn heute wieder gut gebrauchen. Schade. Die Nachbesitzer werden hoffentlich viele gl\u00fcckliche Reisen unternehmen.<\/p>\n<p>&nbsp;<\/p>\n<h3>\u00a0Details<\/h3>\n<p>Hier noch einige weitere Details&#8230;<\/p>\n<p><img loading=\"lazy\" decoding=\"async\" class=\"alignnone size-full wp-image-648\" src=\"http:\/\/www.vesab.de\/wpvesab\/wp-content\/uploads\/fahrzeuge_bus_minna_verkauf_03.jpg\" alt=\"fahrzeuge_bus_minna_verkauf_03\" width=\"600\" height=\"404\" srcset=\"https:\/\/www.vesab.de\/wpvesab\/wp-content\/uploads\/fahrzeuge_bus_minna_verkauf_03.jpg 600w, https:\/\/www.vesab.de\/wpvesab\/wp-content\/uploads\/fahrzeuge_bus_minna_verkauf_03-300x202.jpg 300w\" sizes=\"auto, (max-width: 600px) 100vw, 600px\" \/><\/p>\n<p>vorn ist Platz f\u00fcr 3 Personen (ist dann aber nicht gem\u00fctlich)<\/p>\n<p><img loading=\"lazy\" decoding=\"async\" class=\"alignnone size-full wp-image-654\" src=\"http:\/\/www.vesab.de\/wpvesab\/wp-content\/uploads\/fahrzeuge_bus_minna_verkauf_09.jpg\" alt=\"fahrzeuge_bus_minna_verkauf_09\" width=\"600\" height=\"404\" srcset=\"https:\/\/www.vesab.de\/wpvesab\/wp-content\/uploads\/fahrzeuge_bus_minna_verkauf_09.jpg 600w, https:\/\/www.vesab.de\/wpvesab\/wp-content\/uploads\/fahrzeuge_bus_minna_verkauf_09-300x202.jpg 300w\" sizes=\"auto, (max-width: 600px) 100vw, 600px\" \/><\/p>\n<p>hier das komplette vordere &#8222;Doppelbett&#8220;<\/p>\n<p><img loading=\"lazy\" decoding=\"async\" class=\"alignnone size-full wp-image-655\" src=\"http:\/\/www.vesab.de\/wpvesab\/wp-content\/uploads\/fahrzeuge_bus_minna_verkauf_10.jpg\" alt=\"fahrzeuge_bus_minna_verkauf_10\" width=\"600\" height=\"404\" srcset=\"https:\/\/www.vesab.de\/wpvesab\/wp-content\/uploads\/fahrzeuge_bus_minna_verkauf_10.jpg 600w, https:\/\/www.vesab.de\/wpvesab\/wp-content\/uploads\/fahrzeuge_bus_minna_verkauf_10-300x202.jpg 300w\" sizes=\"auto, (max-width: 600px) 100vw, 600px\" \/><\/p>\n<p>eingebaute Gasheizung<\/p>\n<p><img loading=\"lazy\" decoding=\"async\" class=\"alignnone size-full wp-image-657\" src=\"http:\/\/www.vesab.de\/wpvesab\/wp-content\/uploads\/fahrzeuge_bus_minna_verkauf_12.jpg\" alt=\"fahrzeuge_bus_minna_verkauf_12\" width=\"600\" height=\"404\" srcset=\"https:\/\/www.vesab.de\/wpvesab\/wp-content\/uploads\/fahrzeuge_bus_minna_verkauf_12.jpg 600w, https:\/\/www.vesab.de\/wpvesab\/wp-content\/uploads\/fahrzeuge_bus_minna_verkauf_12-300x202.jpg 300w\" sizes=\"auto, (max-width: 600px) 100vw, 600px\" \/><\/p>\n<p>H\u00e4ngetaschen im oberen Bereich f\u00fcr kleine Utensilien<\/p>\n<p><img loading=\"lazy\" decoding=\"async\" class=\"alignnone size-full wp-image-658\" src=\"http:\/\/www.vesab.de\/wpvesab\/wp-content\/uploads\/fahrzeuge_bus_minna_verkauf_14.jpg\" alt=\"fahrzeuge_bus_minna_verkauf_14\" width=\"600\" height=\"404\" srcset=\"https:\/\/www.vesab.de\/wpvesab\/wp-content\/uploads\/fahrzeuge_bus_minna_verkauf_14.jpg 600w, https:\/\/www.vesab.de\/wpvesab\/wp-content\/uploads\/fahrzeuge_bus_minna_verkauf_14-300x202.jpg 300w\" sizes=\"auto, (max-width: 600px) 100vw, 600px\" \/><\/p>\n<p>Hier sieht man die Tischarretierung. Die beiden Platten wurden durch eingelassene Bolzen mit Sicherungssplint zusammen gehalten. Das einzelne Bein steckt in locker einer Buchse und durch den kleinen Flaschenzug aus dem Segelbereich wird der Tisch nach unten gezogen und auf Spannung gehalten. Die Stange l\u00e4sst sich komplett weglegen, denn unten ist auch eine Buchse eingelassen.<\/p>\n<p>&nbsp;<\/p>\n","protected":false},"excerpt":{"rendered":"<p>&#8218;Minna&#8216; in Schweden &nbsp; Der Bus Freiheit im eigenen Wohnmobil genie\u00dfen, die gegenden erkunden, unabh\u00e4ngig von Infrastruktur und Zeltpl\u00e4tzen. Diese Idee wollte ich einmal verwirklichen. Leider sind Wohnmobile extrem teuer und nicht individuell. Au\u00dferdem&#46;&#46;&#46;<\/p>\n","protected":false},"author":2,"featured_media":637,"comment_status":"open","ping_status":"open","sticky":false,"template":"","format":"standard","meta":{"footnotes":""},"categories":[48,45,256,50],"tags":[96,98,97,65,99],"class_list":["post-639","post","type-post","status-publish","format-standard","has-post-thumbnail","hentry","category-bus","category-fahrzeuge","category-kfz","category-selbstbau","tag-bus-2","tag-busausbau","tag-mercedes-208d","tag-norwegen","tag-reisen"],"_links":{"self":[{"href":"https:\/\/www.vesab.de\/wpvesab\/wp-json\/wp\/v2\/posts\/639","targetHints":{"allow":["GET"]}}],"collection":[{"href":"https:\/\/www.vesab.de\/wpvesab\/wp-json\/wp\/v2\/posts"}],"about":[{"href":"https:\/\/www.vesab.de\/wpvesab\/wp-json\/wp\/v2\/types\/post"}],"author":[{"embeddable":true,"href":"https:\/\/www.vesab.de\/wpvesab\/wp-json\/wp\/v2\/users\/2"}],"replies":[{"embeddable":true,"href":"https:\/\/www.vesab.de\/wpvesab\/wp-json\/wp\/v2\/comments?post=639"}],"version-history":[{"count":0,"href":"https:\/\/www.vesab.de\/wpvesab\/wp-json\/wp\/v2\/posts\/639\/revisions"}],"wp:featuredmedia":[{"embeddable":true,"href":"https:\/\/www.vesab.de\/wpvesab\/wp-json\/wp\/v2\/media\/637"}],"wp:attachment":[{"href":"https:\/\/www.vesab.de\/wpvesab\/wp-json\/wp\/v2\/media?parent=639"}],"wp:term":[{"taxonomy":"category","embeddable":true,"href":"https:\/\/www.vesab.de\/wpvesab\/wp-json\/wp\/v2\/categories?post=639"},{"taxonomy":"post_tag","embeddable":true,"href":"https:\/\/www.vesab.de\/wpvesab\/wp-json\/wp\/v2\/tags?post=639"}],"curies":[{"name":"wp","href":"https:\/\/api.w.org\/{rel}","templated":true}]}}