{"id":6768,"date":"2018-01-14T23:03:24","date_gmt":"2018-01-14T21:03:24","guid":{"rendered":"http:\/\/www.vesab.de\/wpvesab\/?p=6768"},"modified":"2018-05-05T23:09:23","modified_gmt":"2018-05-05T21:09:23","slug":"leica-m2","status":"publish","type":"post","link":"https:\/\/www.vesab.de\/wpvesab\/fotografie\/leica-m2-6768\/","title":{"rendered":"Leica M2"},"content":{"rendered":"<h3>Mitte der 60er<\/h3>\n<p><img loading=\"lazy\" decoding=\"async\" class=\"alignnone size-full wp-image-6774\" src=\"http:\/\/www.vesab.de\/wpvesab\/wp-content\/uploads\/fotografie_leica_m2_06.jpg\" alt=\"\" width=\"1000\" height=\"667\" srcset=\"https:\/\/www.vesab.de\/wpvesab\/wp-content\/uploads\/fotografie_leica_m2_06.jpg 1000w, https:\/\/www.vesab.de\/wpvesab\/wp-content\/uploads\/fotografie_leica_m2_06-300x200.jpg 300w, https:\/\/www.vesab.de\/wpvesab\/wp-content\/uploads\/fotografie_leica_m2_06-768x512.jpg 768w\" sizes=\"auto, (max-width: 1000px) 100vw, 1000px\" \/><\/p>\n<p>Leica M2 von 1965 mit einem Summicron 2\/50<\/p>\n<p>&nbsp;<\/p>\n<p><iframe loading=\"lazy\" src=\"https:\/\/www.youtube.com\/embed\/SzMPPSy_mUc?rel=0\" width=\"853\" height=\"480\" frameborder=\"0\" allowfullscreen=\"allowfullscreen\"><\/iframe><\/p>\n<p>&nbsp;<\/p>\n<h3>Wetzlar<\/h3>\n<p>Ich wollte nie eine verchromte Leica. Als ich sie dann in der Hand hielt, nahm ich sie trotzdem mit, denn die Farbe ist schlie\u00dflich nicht so wichtig. Die Leica M2, die ich in der Hand hielt, war bereits \u00fcber 50 Jahre alt. Bisher hatte ich deutlich j\u00fcngere Leicas zum fotografieren. Ich sah durch den Sucher und verglich ihn mit der <a href=\"http:\/\/www.vesab.de\/wpvesab\/fotografie\/leica-m9-6286\/\">Leica M9<\/a> &#8211; kein Unterschied. Da war ich doch etwas erstaunt, denn ich dachte, dass die M9 ja einen besseren Sucher haben m\u00fcsste. Nat\u00fcrlich waren nicht alle Leuchtrahmen der Neuzeit vorhanden aber ich wollte die Kamera ja f\u00fcr einen bestimmten Zweck.<\/p>\n<p>&nbsp;<\/p>\n<p><img loading=\"lazy\" decoding=\"async\" class=\"alignnone size-full wp-image-6770\" src=\"http:\/\/www.vesab.de\/wpvesab\/wp-content\/uploads\/fotografie_leica_m2_02.jpg\" alt=\"\" width=\"1000\" height=\"667\" srcset=\"https:\/\/www.vesab.de\/wpvesab\/wp-content\/uploads\/fotografie_leica_m2_02.jpg 1000w, https:\/\/www.vesab.de\/wpvesab\/wp-content\/uploads\/fotografie_leica_m2_02-300x200.jpg 300w, https:\/\/www.vesab.de\/wpvesab\/wp-content\/uploads\/fotografie_leica_m2_02-768x512.jpg 768w\" sizes=\"auto, (max-width: 1000px) 100vw, 1000px\" \/><br \/>\nLeica M2<\/p>\n<p>&nbsp;<\/p>\n<p>Keine Batterien, kein Belichtungsmesser &#8211; nur Filme und die Kamera &#8211; um mehr muss man sich nicht k\u00fcmmern. Die Leica M2 aus dem Jahre 1965 hat deutliche Spuren des Gebrauchs, was mich wenig st\u00f6rt, denn sie war vor kurzem im Service und der Sucher, sowie das Zeitengetriebe wurden gereinigt und justiert.<\/p>\n<p>&nbsp;<\/p>\n<h3>Leica MP oder M2<\/h3>\n<p>Vor einiger Zeit machte ich den gro\u00dfen Fehler, die <a href=\"http:\/\/www.vesab.de\/wpvesab\/fotografie\/leica-mp-538\/\">Leica MP<\/a> zu verkaufen. Dies lag daran, dass ich mein <a href=\"http:\/\/www.vesab.de\/wpvesab\/fotografie\/fotolabor-dunkelkammer-1363\/\">Fotolabor<\/a> in einem gemieteten Saal aufgeben musste und ich fortan keine Filme und Papierbilder mehr entwicklen konnte. Zur Zeit richte ich mir jedoch wieder ein Fotolabor ein und nun \u00e4rgere ich mich nat\u00fcrlich etwas. Die M9, die ich nutze ist sicher sch\u00f6n aber nicht mit dem Feeling des anolgen Fotografierens zu vergleichen. Der Virus hat mich doch zu sehr angesteckt vor ein paar Jahren. Also sollte wieder eine MP her. Leider ahnte ich nicht, dass die Preis f\u00fcr gebrauchte MP so sehr angezogen haben und der Markt verschwindend gering ist. Eine Leica M6 oder M4 sollte es nicht werden, denn ich mag die schr\u00e4ge R\u00fcckspulkurbel nicht so sehr &#8211; warum, kann ich nicht sagen.<\/p>\n<p>&nbsp;<\/p>\n<p><img loading=\"lazy\" decoding=\"async\" class=\"alignnone size-full wp-image-6769\" src=\"http:\/\/www.vesab.de\/wpvesab\/wp-content\/uploads\/fotografie_leica_m2_01.jpg\" alt=\"\" width=\"1000\" height=\"667\" srcset=\"https:\/\/www.vesab.de\/wpvesab\/wp-content\/uploads\/fotografie_leica_m2_01.jpg 1000w, https:\/\/www.vesab.de\/wpvesab\/wp-content\/uploads\/fotografie_leica_m2_01-300x200.jpg 300w, https:\/\/www.vesab.de\/wpvesab\/wp-content\/uploads\/fotografie_leica_m2_01-768x512.jpg 768w\" sizes=\"auto, (max-width: 1000px) 100vw, 1000px\" \/><\/p>\n<p>wie die MP, nur in chrom<\/p>\n<p>&nbsp;<\/p>\n<h3>Technik der Leica M2<\/h3>\n<p>Die M2 (1958-1967) ist auf das wesentliche reduziert:<\/p>\n<ul>\n<li><span style=\"letter-spacing: 0.05em;\">alle Bedienelemente komplett aus Metall, Kamerageh\u00e4use ebenso<\/span><\/li>\n<li><span style=\"letter-spacing: 0.05em;\">Tuchschlitzverschluss, konkurrenzlos leise, extrem kurze Ausl\u00f6severz\u00f6gerung, weich, ersch\u00fctterungsfrei<\/span><\/li>\n<li>Me\u00dfsucher 0,72fach mit Einspiegelung von 3 Brennweitenrahmen (35, 50, 90)<\/li>\n<li>mechanische Zeiten 1s und 1\/1000s und B<\/li>\n<li><span style=\"letter-spacing: 0.05em;\">Abmessungen ca.138mm x 33,5mm x 77mm, Geh\u00e4use wiegt ca. 580 g<br \/>\n<\/span><\/li>\n<li>Filmspule und R\u00fcckspulknopf wie bei der MP und M3<\/li>\n<li>Filmz\u00e4hler als einfache Scheibe unter dem Spannhebel ausgebildet<\/li>\n<\/ul>\n<p>&nbsp;<\/p>\n<p><img loading=\"lazy\" decoding=\"async\" class=\"alignnone size-full wp-image-6771\" src=\"http:\/\/www.vesab.de\/wpvesab\/wp-content\/uploads\/fotografie_leica_m2_03.jpg\" alt=\"\" width=\"1000\" height=\"667\" srcset=\"https:\/\/www.vesab.de\/wpvesab\/wp-content\/uploads\/fotografie_leica_m2_03.jpg 1000w, https:\/\/www.vesab.de\/wpvesab\/wp-content\/uploads\/fotografie_leica_m2_03-300x200.jpg 300w, https:\/\/www.vesab.de\/wpvesab\/wp-content\/uploads\/fotografie_leica_m2_03-768x512.jpg 768w\" sizes=\"auto, (max-width: 1000px) 100vw, 1000px\" \/><\/p>\n<p>an der R\u00fcckwand eine Merkscheibe f\u00fcr die Empfindlichkeit des Films<\/p>\n<p>&nbsp;<\/p>\n<h3>Fazit<\/h3>\n<p>Ich muss zugeben, dass mich die M2 \u00fcberrascht hat. Nach Leica MP, <a href=\"http:\/\/www.vesab.de\/wpvesab\/fotografie\/leica-m4-2-5572\/\">M4-2<\/a>, <a href=\"http:\/\/www.vesab.de\/wpvesab\/fotografie\/leica-m7-2-5021\/\">M7<\/a>, M6, <a href=\"http:\/\/www.vesab.de\/wpvesab\/fotografie\/leica-m-modell-m8-511\/\">M8<\/a> und <a href=\"http:\/\/www.vesab.de\/wpvesab\/fotografie\/leica-m9-6286\/\">M9<\/a> ist das meine erste verchromte Leica und sie hat sich einen vorderen Rang erk\u00e4mpft. Durch die Abwesenheit eines Belichtungsmessers bin ich gezwungen, die Belichtungssituationen noch genauer einzusch\u00e4tzen. Klar pr\u00fcfe ich das auch noch ab und zu mit dem <a href=\"http:\/\/www.vesab.de\/wpvesab\/fotografie\/gossen-profisix-6173\/\">Profisix<\/a> ab und ich freue mich immer wieder dar\u00fcber, dass ich meist nur eine halbe Blende daneben liege &#8211; dem TMax ist das auch ziemlich egal.<\/p>\n<p>&nbsp;<\/p>\n<p><img loading=\"lazy\" decoding=\"async\" class=\"alignnone size-full wp-image-6773\" src=\"http:\/\/www.vesab.de\/wpvesab\/wp-content\/uploads\/fotografie_leica_m2_05.jpg\" alt=\"\" width=\"1000\" height=\"667\" srcset=\"https:\/\/www.vesab.de\/wpvesab\/wp-content\/uploads\/fotografie_leica_m2_05.jpg 1000w, https:\/\/www.vesab.de\/wpvesab\/wp-content\/uploads\/fotografie_leica_m2_05-300x200.jpg 300w, https:\/\/www.vesab.de\/wpvesab\/wp-content\/uploads\/fotografie_leica_m2_05-768x512.jpg 768w\" sizes=\"auto, (max-width: 1000px) 100vw, 1000px\" \/><\/p>\n<p>Film einlegen muss man vorab mal \u00fcben &#8211; dann geht es schnell<\/p>\n<p>&nbsp;<\/p>\n<p>Was hat mich bewogen, die Leica M2 so gut zu finden? Der Hauptgrund war wohl das Fehlen jeglicher Elektronik, die leicatypische Qualit\u00e4t, die einem nach 50 Jahren immer noch ins Auge springt, der sch\u00f6ne, helle und klare Sucher und die erneute Erkenntnis, dass man zum Fotografieren nicht mehr braucht. Mit der M2 kommt auch das zweite Objektiv ins Haus, ein 35er Summicron. Ich bin gespannt auf die Ergebnisse, hab ich doch seit 2011 nur mit dem 50er fotografiert &#8211; ein Ergebnis aus dem <a href=\"http:\/\/www.vesab.de\/wpvesab\/storys\/the-leica-as-teacher-1966\/\">Experiment<\/a>.<\/p>\n<p>&nbsp;<\/p>\n<p><img loading=\"lazy\" decoding=\"async\" class=\"alignnone size-full wp-image-6772\" src=\"http:\/\/www.vesab.de\/wpvesab\/wp-content\/uploads\/fotografie_leica_m2_04.jpg\" alt=\"\" width=\"1000\" height=\"667\" srcset=\"https:\/\/www.vesab.de\/wpvesab\/wp-content\/uploads\/fotografie_leica_m2_04.jpg 1000w, https:\/\/www.vesab.de\/wpvesab\/wp-content\/uploads\/fotografie_leica_m2_04-300x200.jpg 300w, https:\/\/www.vesab.de\/wpvesab\/wp-content\/uploads\/fotografie_leica_m2_04-768x512.jpg 768w\" sizes=\"auto, (max-width: 1000px) 100vw, 1000px\" \/><\/p>\n<p>dieses Detail hat sich nie ge\u00e4ndert<\/p>\n<p>&nbsp;<\/p>\n<p>&nbsp;<\/p>\n","protected":false},"excerpt":{"rendered":"<p>Mitte der 60er Leica M2 von 1965 mit einem Summicron 2\/50 &nbsp; &nbsp; Wetzlar Ich wollte nie eine verchromte Leica. Als ich sie dann in der Hand hielt, nahm ich sie trotzdem mit, denn&#46;&#46;&#46;<\/p>\n","protected":false},"author":2,"featured_media":6769,"comment_status":"open","ping_status":"open","sticky":false,"template":"","format":"standard","meta":{"footnotes":""},"categories":[42,36,267,942],"tags":[636,76,888,779,366],"class_list":["post-6768","post","type-post","status-publish","format-standard","has-post-thumbnail","hentry","category-fotografie_analog","category-fotografie","category-leica-fotografie","category-video","tag-fotografie_analog","tag-fotografie-2","tag-leica-m2","tag-leitz","tag-sucherkamera"],"_links":{"self":[{"href":"https:\/\/www.vesab.de\/wpvesab\/wp-json\/wp\/v2\/posts\/6768","targetHints":{"allow":["GET"]}}],"collection":[{"href":"https:\/\/www.vesab.de\/wpvesab\/wp-json\/wp\/v2\/posts"}],"about":[{"href":"https:\/\/www.vesab.de\/wpvesab\/wp-json\/wp\/v2\/types\/post"}],"author":[{"embeddable":true,"href":"https:\/\/www.vesab.de\/wpvesab\/wp-json\/wp\/v2\/users\/2"}],"replies":[{"embeddable":true,"href":"https:\/\/www.vesab.de\/wpvesab\/wp-json\/wp\/v2\/comments?post=6768"}],"version-history":[{"count":0,"href":"https:\/\/www.vesab.de\/wpvesab\/wp-json\/wp\/v2\/posts\/6768\/revisions"}],"wp:featuredmedia":[{"embeddable":true,"href":"https:\/\/www.vesab.de\/wpvesab\/wp-json\/wp\/v2\/media\/6769"}],"wp:attachment":[{"href":"https:\/\/www.vesab.de\/wpvesab\/wp-json\/wp\/v2\/media?parent=6768"}],"wp:term":[{"taxonomy":"category","embeddable":true,"href":"https:\/\/www.vesab.de\/wpvesab\/wp-json\/wp\/v2\/categories?post=6768"},{"taxonomy":"post_tag","embeddable":true,"href":"https:\/\/www.vesab.de\/wpvesab\/wp-json\/wp\/v2\/tags?post=6768"}],"curies":[{"name":"wp","href":"https:\/\/api.w.org\/{rel}","templated":true}]}}