{"id":6804,"date":"2018-01-25T20:34:35","date_gmt":"2018-01-25T18:34:35","guid":{"rendered":"http:\/\/www.vesab.de\/wpvesab\/?p=6804"},"modified":"2018-02-05T00:53:14","modified_gmt":"2018-02-04T22:53:14","slug":"fotolabor-dunkelkammer-2","status":"publish","type":"post","link":"https:\/\/www.vesab.de\/wpvesab\/fotografie\/fotolabor-dunkelkammer-2-6804\/","title":{"rendered":"Fotolabor im Badezimmer"},"content":{"rendered":"<h3>Die Dunkelkammer in der Wohnung<\/h3>\n<p>Nach einem Umzug fiel das <a href=\"http:\/\/www.vesab.de\/wpvesab\/fotografie\/fotolabor-dunkelkammer-1363\/\">alte gut eingerichtete Labor<\/a> weg, so dass f\u00fcr die analogen Vergr\u00f6\u00dferungen eine neue L\u00f6sung her musste. Ein zus\u00e4tzlicher Raum war schlichtweg nicht vorhanden, so dass nur das Bad infrage kam. Die Fliesen sollten dabei nicht besch\u00e4digt werden und die ben\u00f6tigte Nassstrecke sollte schnell auf- und wieder abgebaut werden k\u00f6nnen.<\/p>\n<p>&nbsp;<\/p>\n<p><img loading=\"lazy\" decoding=\"async\" class=\"alignnone size-full wp-image-6805\" src=\"http:\/\/www.vesab.de\/wpvesab\/wp-content\/uploads\/fotografie_analog_labor2_01.jpg\" alt=\"\" width=\"1000\" height=\"667\" srcset=\"https:\/\/www.vesab.de\/wpvesab\/wp-content\/uploads\/fotografie_analog_labor2_01.jpg 1000w, https:\/\/www.vesab.de\/wpvesab\/wp-content\/uploads\/fotografie_analog_labor2_01-300x200.jpg 300w, https:\/\/www.vesab.de\/wpvesab\/wp-content\/uploads\/fotografie_analog_labor2_01-768x512.jpg 768w\" sizes=\"auto, (max-width: 1000px) 100vw, 1000px\" \/><\/p>\n<p>Vergr\u00f6\u00dferer \u00fcber Waschmaschine<\/p>\n<p>&nbsp;<\/p>\n<h3>Wie vorgehen, wenn wenig Platz ist?<\/h3>\n<p>Bevor man sich \u00fcber die Um- oder Einbauten Gedanken macht, sollte man das grunds\u00e4tzliche Vorgehen bei der Selbstentwicklung durchdenken. Hierbei spielt die Negativ- und Postiventwicklung eine Rolle. Folgende Fragen sollte man sich beantworten:<\/p>\n<p>&nbsp;<\/p>\n<ul>\n<li>Soll nur schwarzwei\u00df oder auch in Farbe entwickelt werden?<\/li>\n<li>Wie sollen die Filme entwickelt werden?<\/li>\n<li>Sollen Automaten f\u00fcr die Film- und\/oder Papierentwicklung eingesetzt werden?<\/li>\n<li>K\u00f6nnen die Einbauten st\u00e4ndig installiert bleiben?<\/li>\n<li>D\u00fcrfen Fliesen angebohrt werden?<\/li>\n<li>Was passiert, wenn jemand das Bad zwischendurch nutzen m\u00f6chte?<\/li>\n<\/ul>\n<p>Erst danach kann man sich einen \u00dcberblick \u00fcber die notwendigen Investitionen und den Umbauaufwand machen. Die meisten werden sicherlich nur die Filmentwicklung in schwarzwei\u00df durchf\u00fchren aber einige m\u00f6chten dies auch auf den Positivprozess ausweiten. Ich habe folgende Entscheidungen getroffen:<\/p>\n<p>&nbsp;<\/p>\n<p>Nur schwarzwei\u00dfe Entwicklung von Film und Positiv.<\/p>\n<p>F\u00fcr die Filmentwicklung wird der TAS Filmprozessor benutzt. Warum ist in diesem Beitrag beschrieben: <a href=\"http:\/\/www.vesab.de\/wpvesab\/fotografie\/tas_filmprozessor-6784\/\">Heiland TAS<\/a><\/p>\n<p>Der Vergr\u00f6\u00dferer bleibt installirt und die Nassstrecke wird nur tempor\u00e4r aufgebaut als Schalenentwicklung.<\/p>\n<p>&nbsp;<\/p>\n<p>Durch diese Einschr\u00e4nkungen konnte das kleine Bad daf\u00fcr in Betracht gezogen werden. Der Bereich \u00fcber der Frontladewaschmaschine war ungenutzt, so das dort der vergr\u00f6\u00dferer Platz finden konnte. Die Nassstrecke sollte \u00fcber der Badewanne plaziert werden und schnell auf- und abbaubar sein. Es d\u00fcrfen keine Fliesen durchbohrt werden. Die Filmentwicklung erfolgt in der K\u00fcche, k\u00f6nnte aber auch im Bad vorgenommen werden. Die L\u00f6sungen werden nun beschrieben. Voraussetzung f\u00fcr das Arbeiten im Bad ist ein permaneneter Luftabzug, da sonst schnell Chemikaliend\u00e4mpfe den Raum f\u00fcllen w\u00fcrden.<\/p>\n<p>&nbsp;<\/p>\n<h3>Der Vergr\u00f6\u00dfererplatz<\/h3>\n<p>F\u00fcr das Arbeiten mit dem Vergr\u00f6\u00dferer muss auf folgende Dinge geachtet werden:<\/p>\n<ul>\n<li><span style=\"letter-spacing: 0.05em;\">Ger\u00e4t und Tisch d\u00fcrfen keinen Kontakt zur Waschmaschine haben, wenn alles vor Ort bleiben soll. Die Vibrationen w\u00fcrden das Ger\u00e4t auf Dauer sch\u00e4digen.<br \/>\n<\/span><\/li>\n<li><span style=\"letter-spacing: 0.05em;\">Stromanschluss 230V, m\u00f6glichst FI-abgesichert<\/span><\/li>\n<li>etwas Platz neben dem Vergr\u00f6\u00dferer<\/li>\n<li>H\u00f6he muss ausreichend sein, falls da was \u00fcberbaut ist<\/li>\n<\/ul>\n<p>&nbsp;<\/p>\n<p>Um nicht bohren zu m\u00fcssen, habe ich die neue Arbeitsplatte \u00fcber der Waschmaschine auf drei St\u00fctzgestelle gebaut, entkoppelt und mit Stiften gesichert. Das Ganze kann auch in ein paar Minuten wieder spurlos entfernt werden, falls man an die Maschine ran muss oder aus anderen Gr\u00fcnden.<\/p>\n<p>&nbsp;<\/p>\n<p><img loading=\"lazy\" decoding=\"async\" class=\"alignnone wp-image-6806\" src=\"http:\/\/www.vesab.de\/wpvesab\/wp-content\/uploads\/fotografie_analog_labor2_02.jpg\" alt=\"\" width=\"400\" height=\"600\" srcset=\"https:\/\/www.vesab.de\/wpvesab\/wp-content\/uploads\/fotografie_analog_labor2_02.jpg 667w, https:\/\/www.vesab.de\/wpvesab\/wp-content\/uploads\/fotografie_analog_labor2_02-200x300.jpg 200w\" sizes=\"auto, (max-width: 400px) 100vw, 400px\" \/><\/p>\n<p>die Ausgangslage an der Waschmaschine<\/p>\n<p>&nbsp;<\/p>\n<p>Die Gestelle bestehen aus einfachen Vierkanth\u00f6lzern 28x28mm und sind 90cm hoch. Die Kanten sind angeschliffen und oben und mittig sind ein Querriegel angeschraubt. Bei Hartholz unbedingt die Schraubenl\u00f6cher vorbohren und Edelstahlschrauben nehmen. Sind die vorgebohrten L\u00f6cher zu klein, rei\u00dfen die Schrauben ab. Es wird je ein Gestell f\u00fcr rechts, links und hinten ben\u00f6tigt. Durch das Gewicht der Platte und des Ger\u00e4tes verrutscht da auch nichts. Dazu muss aber die Arbeitsplatte mit Stiften gesichert werden. Ich habe Ikea-Regalstifte genommen, die zum Befestigen von Platten auf Holzregalen benutzt werden. Der Durchmesser ist evtl. so 6-8mm und sie sind 3cm lang. Diese Stifte halten die Gestelle an ihrem Platz, indem sie durch die Arbeitsplatte gesteckt werden und dann ca. 1cm in das Holz des Gestells reichen. Mit einer Schablone aus Holz k\u00f6nnen die Bohrl\u00f6cher exakt gesetzt werden. Man f\u00e4ngt mit der Platte an, bohrt die L\u00f6cher in die Platte, senkt diese etwas an und stellt alles auf. Jetzt k\u00f6nnen die L\u00f6cher auf den Gestellen angezeichnet werden, indem man einen d\u00fcnnen Bleistift durch die L\u00f6cher steckt. Die Gestelle m\u00fcssen dazu ganz an der Wand stehen. Eine zweite Person ist hilfreich, wird aber nicht zwingend ben\u00f6tigt.<\/p>\n<p>&nbsp;<\/p>\n<p><img loading=\"lazy\" decoding=\"async\" class=\"alignnone wp-image-6808\" src=\"http:\/\/www.vesab.de\/wpvesab\/wp-content\/uploads\/fotografie_analog_labor2_03.jpg\" alt=\"\" width=\"500\" height=\"750\" srcset=\"https:\/\/www.vesab.de\/wpvesab\/wp-content\/uploads\/fotografie_analog_labor2_03.jpg 667w, https:\/\/www.vesab.de\/wpvesab\/wp-content\/uploads\/fotografie_analog_labor2_03-200x300.jpg 200w\" sizes=\"auto, (max-width: 500px) 100vw, 500px\" \/><\/p>\n<p>die drei Gestelle sind fertig<\/p>\n<p>&nbsp;<\/p>\n<p><img loading=\"lazy\" decoding=\"async\" class=\"alignnone wp-image-6809\" src=\"http:\/\/www.vesab.de\/wpvesab\/wp-content\/uploads\/fotografie_analog_labor2_04.jpg\" alt=\"\" width=\"500\" height=\"750\" srcset=\"https:\/\/www.vesab.de\/wpvesab\/wp-content\/uploads\/fotografie_analog_labor2_04.jpg 667w, https:\/\/www.vesab.de\/wpvesab\/wp-content\/uploads\/fotografie_analog_labor2_04-200x300.jpg 200w\" sizes=\"auto, (max-width: 500px) 100vw, 500px\" \/><\/p>\n<p>alle m\u00fcssen gleich hoch sein<\/p>\n<p>&nbsp;<\/p>\n<p><img loading=\"lazy\" decoding=\"async\" class=\"alignnone wp-image-6811\" src=\"http:\/\/www.vesab.de\/wpvesab\/wp-content\/uploads\/fotografie_analog_labor2_05.jpg\" alt=\"\" width=\"750\" height=\"500\" srcset=\"https:\/\/www.vesab.de\/wpvesab\/wp-content\/uploads\/fotografie_analog_labor2_05.jpg 1000w, https:\/\/www.vesab.de\/wpvesab\/wp-content\/uploads\/fotografie_analog_labor2_05-300x200.jpg 300w, https:\/\/www.vesab.de\/wpvesab\/wp-content\/uploads\/fotografie_analog_labor2_05-768x512.jpg 768w\" sizes=\"auto, (max-width: 750px) 100vw, 750px\" \/><\/p>\n<p>Schablone f\u00fcr die Bohrl\u00f6cher<\/p>\n<p>&nbsp;<\/p>\n<p><img loading=\"lazy\" decoding=\"async\" class=\"alignnone wp-image-6812\" src=\"http:\/\/www.vesab.de\/wpvesab\/wp-content\/uploads\/fotografie_analog_labor2_06.jpg\" alt=\"\" width=\"750\" height=\"500\" srcset=\"https:\/\/www.vesab.de\/wpvesab\/wp-content\/uploads\/fotografie_analog_labor2_06.jpg 1000w, https:\/\/www.vesab.de\/wpvesab\/wp-content\/uploads\/fotografie_analog_labor2_06-300x200.jpg 300w, https:\/\/www.vesab.de\/wpvesab\/wp-content\/uploads\/fotografie_analog_labor2_06-768x512.jpg 768w\" sizes=\"auto, (max-width: 750px) 100vw, 750px\" \/><\/p>\n<p>Bohrl\u00f6cher ansenken<\/p>\n<p>&nbsp;<\/p>\n<p><img loading=\"lazy\" decoding=\"async\" class=\"alignnone wp-image-6813\" src=\"http:\/\/www.vesab.de\/wpvesab\/wp-content\/uploads\/fotografie_analog_labor2_07.jpg\" alt=\"\" width=\"750\" height=\"500\" srcset=\"https:\/\/www.vesab.de\/wpvesab\/wp-content\/uploads\/fotografie_analog_labor2_07.jpg 1000w, https:\/\/www.vesab.de\/wpvesab\/wp-content\/uploads\/fotografie_analog_labor2_07-300x200.jpg 300w, https:\/\/www.vesab.de\/wpvesab\/wp-content\/uploads\/fotografie_analog_labor2_07-768x512.jpg 768w\" sizes=\"auto, (max-width: 750px) 100vw, 750px\" \/><\/p>\n<p>alles aufbauen und Bohrl\u00f6cher auf den Gestellen anzeichnen<\/p>\n<p>&nbsp;<\/p>\n<p><img loading=\"lazy\" decoding=\"async\" class=\"alignnone wp-image-6814\" src=\"http:\/\/www.vesab.de\/wpvesab\/wp-content\/uploads\/fotografie_analog_labor2_08.jpg\" alt=\"\" width=\"750\" height=\"500\" srcset=\"https:\/\/www.vesab.de\/wpvesab\/wp-content\/uploads\/fotografie_analog_labor2_08.jpg 1000w, https:\/\/www.vesab.de\/wpvesab\/wp-content\/uploads\/fotografie_analog_labor2_08-300x200.jpg 300w, https:\/\/www.vesab.de\/wpvesab\/wp-content\/uploads\/fotografie_analog_labor2_08-768x512.jpg 768w\" sizes=\"auto, (max-width: 750px) 100vw, 750px\" \/><\/p>\n<p>Bohrermarkierung mit Tesafilm f\u00fcr genaue Bohrtiefe im Gestell (Stift muss b\u00fcndig sein auf Platte)<\/p>\n<p>&nbsp;<\/p>\n<p><img loading=\"lazy\" decoding=\"async\" class=\"alignnone wp-image-6815\" src=\"http:\/\/www.vesab.de\/wpvesab\/wp-content\/uploads\/fotografie_analog_labor2_09.jpg\" alt=\"\" width=\"750\" height=\"500\" srcset=\"https:\/\/www.vesab.de\/wpvesab\/wp-content\/uploads\/fotografie_analog_labor2_09.jpg 1000w, https:\/\/www.vesab.de\/wpvesab\/wp-content\/uploads\/fotografie_analog_labor2_09-300x200.jpg 300w, https:\/\/www.vesab.de\/wpvesab\/wp-content\/uploads\/fotografie_analog_labor2_09-768x512.jpg 768w\" sizes=\"auto, (max-width: 750px) 100vw, 750px\" \/><\/p>\n<p>Filzstreifen zum Aufkleben<\/p>\n<p>&nbsp;<\/p>\n<p><img loading=\"lazy\" decoding=\"async\" class=\"alignnone wp-image-6816\" src=\"http:\/\/www.vesab.de\/wpvesab\/wp-content\/uploads\/fotografie_analog_labor2_10.jpg\" alt=\"\" width=\"750\" height=\"500\" srcset=\"https:\/\/www.vesab.de\/wpvesab\/wp-content\/uploads\/fotografie_analog_labor2_10.jpg 1000w, https:\/\/www.vesab.de\/wpvesab\/wp-content\/uploads\/fotografie_analog_labor2_10-300x200.jpg 300w, https:\/\/www.vesab.de\/wpvesab\/wp-content\/uploads\/fotografie_analog_labor2_10-768x512.jpg 768w\" sizes=\"auto, (max-width: 750px) 100vw, 750px\" \/><\/p>\n<p>Stifte schlie\u00dfen b\u00fcndig auf der Platte ab und sind nur lose eingesteckt<\/p>\n<p>&nbsp;<\/p>\n<p><img loading=\"lazy\" decoding=\"async\" class=\"alignnone wp-image-6819 size-full\" src=\"http:\/\/www.vesab.de\/wpvesab\/wp-content\/uploads\/fotografie_analog_labor2_12.jpg\" alt=\"\" width=\"1000\" height=\"667\" srcset=\"https:\/\/www.vesab.de\/wpvesab\/wp-content\/uploads\/fotografie_analog_labor2_12.jpg 1000w, https:\/\/www.vesab.de\/wpvesab\/wp-content\/uploads\/fotografie_analog_labor2_12-300x200.jpg 300w, https:\/\/www.vesab.de\/wpvesab\/wp-content\/uploads\/fotografie_analog_labor2_12-768x512.jpg 768w\" sizes=\"auto, (max-width: 1000px) 100vw, 1000px\" \/><\/p>\n<p>Vergr\u00f6\u00dfererplatz ist fertig<\/p>\n<p>&nbsp;<\/p>\n<h3>Der Vergr\u00f6\u00dferer &#8211; Focomat V35 mit Splitgrade<\/h3>\n<p>Die Kombination V35 plus Splitgrade ist sehr komfortabel und ist f\u00fcr KB eine sehr sch\u00f6ne L\u00f6sung. Es geht auch jeder andere Vergr\u00f6\u00dferer aber dieser hat mehrere Vorteile mit dem Splitgrade. Man spart Papier und kommt schneller zu guten Ergebnissen. Das Scharfstellen macht man nur einmal und als Objektiv ist das 40er eine gute L\u00f6sung. Im Kopf ist das Modul von Heiland electronic eingebaut, um den Splitgrade zu nutzen.<\/p>\n<p>&nbsp;<\/p>\n<p><img loading=\"lazy\" decoding=\"async\" class=\"alignnone wp-image-6821\" src=\"http:\/\/www.vesab.de\/wpvesab\/wp-content\/uploads\/fotografie_analog_labor2_13-1.jpg\" alt=\"\" width=\"500\" height=\"750\" srcset=\"https:\/\/www.vesab.de\/wpvesab\/wp-content\/uploads\/fotografie_analog_labor2_13-1.jpg 667w, https:\/\/www.vesab.de\/wpvesab\/wp-content\/uploads\/fotografie_analog_labor2_13-1-200x300.jpg 200w\" sizes=\"auto, (max-width: 500px) 100vw, 500px\" \/><\/p>\n<p>Focomat V35 mit Splitgrademodul<\/p>\n<h3><\/h3>\n<p>Der Splitgrad-Controller mit dem V35-Modul nimmt einem viel Arbeit ab und trotzdem hat man noch volle Kontrolle \u00fcber das Bildergebnis. Das Arbeiten macht einfach Spa\u00df damit.<\/p>\n<p>&nbsp;<\/p>\n<p><img loading=\"lazy\" decoding=\"async\" class=\"alignnone wp-image-6822\" src=\"http:\/\/www.vesab.de\/wpvesab\/wp-content\/uploads\/fotografie_analog_labor2_14.jpg\" alt=\"\" width=\"500\" height=\"750\" srcset=\"https:\/\/www.vesab.de\/wpvesab\/wp-content\/uploads\/fotografie_analog_labor2_14.jpg 667w, https:\/\/www.vesab.de\/wpvesab\/wp-content\/uploads\/fotografie_analog_labor2_14-200x300.jpg 200w\" sizes=\"auto, (max-width: 500px) 100vw, 500px\" \/><\/p>\n<p>&nbsp;<\/p>\n<p>&nbsp;<\/p>\n<h3>Die Positiventwicklung<\/h3>\n<p>&nbsp;<\/p>\n<p>Um die Schalenauf der Badewanne unterzubringen gen\u00fcgen einfache Platten, welche mit einem Holz gegen abrutschen gesichert werden. Bei Nichtgebrauch kann man die beiden Platten unter die Vergr\u00f6\u00dferer-Arbeitsplatte stellen, so dass sie nicht st\u00f6ren.<\/p>\n<p>&nbsp;<\/p>\n<p><img loading=\"lazy\" decoding=\"async\" class=\"alignnone wp-image-6825\" src=\"http:\/\/www.vesab.de\/wpvesab\/wp-content\/uploads\/fotografie_analog_labor2_16.jpg\" alt=\"\" width=\"750\" height=\"500\" srcset=\"https:\/\/www.vesab.de\/wpvesab\/wp-content\/uploads\/fotografie_analog_labor2_16.jpg 1000w, https:\/\/www.vesab.de\/wpvesab\/wp-content\/uploads\/fotografie_analog_labor2_16-300x200.jpg 300w, https:\/\/www.vesab.de\/wpvesab\/wp-content\/uploads\/fotografie_analog_labor2_16-768x512.jpg 768w\" sizes=\"auto, (max-width: 750px) 100vw, 750px\" \/><\/p>\n<p>Kanth\u00f6lzer gegen abrutschen<\/p>\n<p>&nbsp;<\/p>\n<p><img loading=\"lazy\" decoding=\"async\" class=\"alignnone wp-image-6824\" src=\"http:\/\/www.vesab.de\/wpvesab\/wp-content\/uploads\/fotografie_analog_labor2_15.jpg\" alt=\"\" width=\"750\" height=\"500\" srcset=\"https:\/\/www.vesab.de\/wpvesab\/wp-content\/uploads\/fotografie_analog_labor2_15.jpg 1000w, https:\/\/www.vesab.de\/wpvesab\/wp-content\/uploads\/fotografie_analog_labor2_15-300x200.jpg 300w, https:\/\/www.vesab.de\/wpvesab\/wp-content\/uploads\/fotografie_analog_labor2_15-768x512.jpg 768w\" sizes=\"auto, (max-width: 750px) 100vw, 750px\" \/><\/p>\n<p>alle Platten aufgebaut<\/p>\n<p>&nbsp;<\/p>\n<p><img loading=\"lazy\" decoding=\"async\" class=\"alignnone wp-image-6826\" src=\"http:\/\/www.vesab.de\/wpvesab\/wp-content\/uploads\/fotografie_analog_labor2_17.jpg\" alt=\"\" width=\"750\" height=\"500\" srcset=\"https:\/\/www.vesab.de\/wpvesab\/wp-content\/uploads\/fotografie_analog_labor2_17.jpg 1000w, https:\/\/www.vesab.de\/wpvesab\/wp-content\/uploads\/fotografie_analog_labor2_17-300x200.jpg 300w, https:\/\/www.vesab.de\/wpvesab\/wp-content\/uploads\/fotografie_analog_labor2_17-768x512.jpg 768w\" sizes=\"auto, (max-width: 750px) 100vw, 750px\" \/><\/p>\n<p>entweder so aufbauen<\/p>\n<p>&nbsp;<\/p>\n<p><img loading=\"lazy\" decoding=\"async\" class=\"alignnone wp-image-6827\" src=\"http:\/\/www.vesab.de\/wpvesab\/wp-content\/uploads\/fotografie_analog_labor2_18.jpg\" alt=\"\" width=\"750\" height=\"500\" srcset=\"https:\/\/www.vesab.de\/wpvesab\/wp-content\/uploads\/fotografie_analog_labor2_18.jpg 1000w, https:\/\/www.vesab.de\/wpvesab\/wp-content\/uploads\/fotografie_analog_labor2_18-300x200.jpg 300w, https:\/\/www.vesab.de\/wpvesab\/wp-content\/uploads\/fotografie_analog_labor2_18-768x512.jpg 768w\" sizes=\"auto, (max-width: 750px) 100vw, 750px\" \/><\/p>\n<p>oder auf einer Platte (unten in der kleinen Wanne erfolgt die W\u00e4sserung)<\/p>\n<p>&nbsp;<\/p>\n<p>&nbsp;<\/p>\n<p>Nun kann entwickelt werden&#8230;<\/p>\n<p>&nbsp;<\/p>\n<p><img loading=\"lazy\" decoding=\"async\" class=\"alignnone size-full wp-image-6828\" src=\"http:\/\/www.vesab.de\/wpvesab\/wp-content\/uploads\/fotografie_analog_labor2_20.jpg\" alt=\"\" width=\"750\" height=\"1000\" srcset=\"https:\/\/www.vesab.de\/wpvesab\/wp-content\/uploads\/fotografie_analog_labor2_20.jpg 750w, https:\/\/www.vesab.de\/wpvesab\/wp-content\/uploads\/fotografie_analog_labor2_20-225x300.jpg 225w\" sizes=\"auto, (max-width: 750px) 100vw, 750px\" \/><\/p>\n<p>Sturm &#8222;Friederike&#8220; Januar 2018<\/p>\n<p>&nbsp;<\/p>\n<p>&nbsp;<\/p>\n<p>&nbsp;<\/p>\n","protected":false},"excerpt":{"rendered":"<p>Die Dunkelkammer in der Wohnung Nach einem Umzug fiel das alte gut eingerichtete Labor weg, so dass f\u00fcr die analogen Vergr\u00f6\u00dferungen eine neue L\u00f6sung her musste. Ein zus\u00e4tzlicher Raum war schlichtweg nicht vorhanden, so&#46;&#46;&#46;<\/p>\n","protected":false},"author":2,"featured_media":6817,"comment_status":"open","ping_status":"open","sticky":false,"template":"","format":"standard","meta":{"footnotes":""},"categories":[42,254,36,429,50],"tags":[636,276,168,280,167,164,292,173,171,893,76,177,892,163,75,779,172,166,165],"class_list":["post-6804","post","type-post","status-publish","format-standard","has-post-thumbnail","hentry","category-fotografie_analog","category-foto","category-fotografie","category-fotolabor","category-selbstbau","tag-fotografie_analog","tag-anleitung","tag-autolab","tag-bauanleitung","tag-controller","tag-dunkelkammer","tag-dunkelkammer-einrichten","tag-filmentwicklung","tag-filmtrockner","tag-focomat-v35","tag-fotografie-2","tag-heiland","tag-heiland-electronic","tag-labor","tag-leica","tag-leitz","tag-negative","tag-splitgrade","tag-vergroesserer"],"_links":{"self":[{"href":"https:\/\/www.vesab.de\/wpvesab\/wp-json\/wp\/v2\/posts\/6804","targetHints":{"allow":["GET"]}}],"collection":[{"href":"https:\/\/www.vesab.de\/wpvesab\/wp-json\/wp\/v2\/posts"}],"about":[{"href":"https:\/\/www.vesab.de\/wpvesab\/wp-json\/wp\/v2\/types\/post"}],"author":[{"embeddable":true,"href":"https:\/\/www.vesab.de\/wpvesab\/wp-json\/wp\/v2\/users\/2"}],"replies":[{"embeddable":true,"href":"https:\/\/www.vesab.de\/wpvesab\/wp-json\/wp\/v2\/comments?post=6804"}],"version-history":[{"count":0,"href":"https:\/\/www.vesab.de\/wpvesab\/wp-json\/wp\/v2\/posts\/6804\/revisions"}],"wp:featuredmedia":[{"embeddable":true,"href":"https:\/\/www.vesab.de\/wpvesab\/wp-json\/wp\/v2\/media\/6817"}],"wp:attachment":[{"href":"https:\/\/www.vesab.de\/wpvesab\/wp-json\/wp\/v2\/media?parent=6804"}],"wp:term":[{"taxonomy":"category","embeddable":true,"href":"https:\/\/www.vesab.de\/wpvesab\/wp-json\/wp\/v2\/categories?post=6804"},{"taxonomy":"post_tag","embeddable":true,"href":"https:\/\/www.vesab.de\/wpvesab\/wp-json\/wp\/v2\/tags?post=6804"}],"curies":[{"name":"wp","href":"https:\/\/api.w.org\/{rel}","templated":true}]}}