{"id":6950,"date":"2018-06-17T16:32:37","date_gmt":"2018-06-17T14:32:37","guid":{"rendered":"http:\/\/www.vesab.de\/wpvesab\/?p=6950"},"modified":"2018-06-20T20:19:47","modified_gmt":"2018-06-20T18:19:47","slug":"recorder_sony_tc-d5","status":"publish","type":"post","link":"https:\/\/www.vesab.de\/wpvesab\/fotografie\/fotografie_analog\/recorder_sony_tc-d5-6950\/","title":{"rendered":"Recorder Sony TC-D5 Pro II und M"},"content":{"rendered":"<h3>Der Kultrekorder<\/h3>\n<p><img loading=\"lazy\" decoding=\"async\" class=\"alignnone size-full wp-image-6955\" src=\"http:\/\/www.vesab.de\/wpvesab\/wp-content\/uploads\/recorder_sony_TC-D5_03.jpg\" alt=\"\" width=\"1200\" height=\"304\" srcset=\"https:\/\/www.vesab.de\/wpvesab\/wp-content\/uploads\/recorder_sony_TC-D5_03.jpg 1200w, https:\/\/www.vesab.de\/wpvesab\/wp-content\/uploads\/recorder_sony_TC-D5_03-300x76.jpg 300w, https:\/\/www.vesab.de\/wpvesab\/wp-content\/uploads\/recorder_sony_TC-D5_03-768x195.jpg 768w, https:\/\/www.vesab.de\/wpvesab\/wp-content\/uploads\/recorder_sony_TC-D5_03-1180x299.jpg 1180w\" sizes=\"auto, (max-width: 1200px) 100vw, 1200px\" \/><\/p>\n<p>Sony TC-D5 Pro II &#8211; Front<\/p>\n<p>&nbsp;<\/p>\n<p>Mittlerweile gibt es ein Video dazu auf meinem YT-Kanal: <a href=\"https:\/\/youtu.be\/XIC8Yq4AzEI\" target=\"_blank\" rel=\"noopener\">Sony TC-D5 PRO II<\/a><\/p>\n<p><a href=\"https:\/\/youtu.be\/XIC8Yq4AzEI\" target=\"_blank\" rel=\"noopener\"><img loading=\"lazy\" decoding=\"async\" class=\"alignnone size-large wp-image-7794\" src=\"http:\/\/www.vesab.de\/wpvesab\/wp-content\/uploads\/07_Sony_TC-D5_Thumbnail_V1-1180x662.jpg\" alt=\"\" width=\"560\" height=\"314\" \/><\/a><\/p>\n<p>&nbsp;<\/p>\n<h3>Back to the roots<\/h3>\n<p>Im Zuge meines 16mm-Filmprojektes kommt nat\u00fcrlich auch Ton zum Tragen. Um standes- und zeitgem\u00e4\u00df den Ton vor Ort zu konservieren musste die ad\u00e4quate Technik her. Seit einiger Zeit besch\u00e4ftige ich mich also mit den M\u00f6glichkeiten der Tonaufnahme auf Band. Immer wieder kreuzte ein kleiner Rekorder meinen Weg &#8211; der Sony TC-D5. Was mich an diesem kleinen Ger\u00e4t am meisten beeindruckt hat, war die lange Produktionszeit (1978 bis 2004) und die hohe Qualit\u00e4t, die sich im harten Reporteralltag beweisen musste. Passt in die Kategorie Leica, Arri, Mercedes Benz W123 oder Manfred Krug. F\u00fcr die Ewigkeit gebaut und auch so lange produziert.<\/p>\n<p>&nbsp;<\/p>\n<p><img loading=\"lazy\" decoding=\"async\" class=\"alignnone size-full wp-image-6953\" src=\"http:\/\/www.vesab.de\/wpvesab\/wp-content\/uploads\/recorder_sony_TC-D5_01.jpg\" alt=\"\" width=\"1200\" height=\"800\" srcset=\"https:\/\/www.vesab.de\/wpvesab\/wp-content\/uploads\/recorder_sony_TC-D5_01.jpg 1200w, https:\/\/www.vesab.de\/wpvesab\/wp-content\/uploads\/recorder_sony_TC-D5_01-300x200.jpg 300w, https:\/\/www.vesab.de\/wpvesab\/wp-content\/uploads\/recorder_sony_TC-D5_01-768x512.jpg 768w, https:\/\/www.vesab.de\/wpvesab\/wp-content\/uploads\/recorder_sony_TC-D5_01-1180x787.jpg 1180w\" sizes=\"auto, (max-width: 1200px) 100vw, 1200px\" \/><\/p>\n<p>das letzte Modell der Serie &#8211; der TC-D5 Pro II<\/p>\n<p>&nbsp;<\/p>\n<h3>Die Modelle<\/h3>\n<p>Es gab innerhalb der TC-D5-Serie nur kleine Ver\u00e4nderungen, was f\u00fcr das ganze System spricht. Hier die Einf\u00fchrung der einzelnen Modelle:<\/p>\n<ul>\n<li>1978 Sony TC-D5<\/li>\n<li>1979 Sony TC-D5 M<\/li>\n<li>1982 Sony TC-D5 Pro<\/li>\n<li>1986 Sony TC-D5 Pro II<\/li>\n<\/ul>\n<p>&nbsp;<\/p>\n<p><img loading=\"lazy\" decoding=\"async\" class=\"alignnone size-full wp-image-6965\" src=\"http:\/\/www.vesab.de\/wpvesab\/wp-content\/uploads\/recorder_sony_TC-D5_13.jpg\" alt=\"\" width=\"1199\" height=\"383\" srcset=\"https:\/\/www.vesab.de\/wpvesab\/wp-content\/uploads\/recorder_sony_TC-D5_13.jpg 1199w, https:\/\/www.vesab.de\/wpvesab\/wp-content\/uploads\/recorder_sony_TC-D5_13-300x96.jpg 300w, https:\/\/www.vesab.de\/wpvesab\/wp-content\/uploads\/recorder_sony_TC-D5_13-768x245.jpg 768w, https:\/\/www.vesab.de\/wpvesab\/wp-content\/uploads\/recorder_sony_TC-D5_13-1180x377.jpg 1180w\" sizes=\"auto, (max-width: 1199px) 100vw, 1199px\" \/><\/p>\n<p>TC-D5 Pro II (1986) und TC-D5 M (1979)<\/p>\n<p>&nbsp;<\/p>\n<p><img loading=\"lazy\" decoding=\"async\" class=\"alignnone wp-image-6962 size-medium\" src=\"http:\/\/www.vesab.de\/wpvesab\/wp-content\/uploads\/recorder_sony_TC-D5_10-300x133.jpg\" alt=\"\" width=\"300\" height=\"133\" srcset=\"https:\/\/www.vesab.de\/wpvesab\/wp-content\/uploads\/recorder_sony_TC-D5_10-300x133.jpg 300w, https:\/\/www.vesab.de\/wpvesab\/wp-content\/uploads\/recorder_sony_TC-D5_10-768x340.jpg 768w, https:\/\/www.vesab.de\/wpvesab\/wp-content\/uploads\/recorder_sony_TC-D5_10-1180x522.jpg 1180w, https:\/\/www.vesab.de\/wpvesab\/wp-content\/uploads\/recorder_sony_TC-D5_10.jpg 1200w\" sizes=\"auto, (max-width: 300px) 100vw, 300px\" \/><\/p>\n<p><img loading=\"lazy\" decoding=\"async\" class=\"alignnone wp-image-6979 size-medium\" src=\"http:\/\/www.vesab.de\/wpvesab\/wp-content\/uploads\/recorder_sony_TC-D5_07-300x149.jpg\" alt=\"\" width=\"300\" height=\"149\" srcset=\"https:\/\/www.vesab.de\/wpvesab\/wp-content\/uploads\/recorder_sony_TC-D5_07-300x149.jpg 300w, https:\/\/www.vesab.de\/wpvesab\/wp-content\/uploads\/recorder_sony_TC-D5_07-768x381.jpg 768w, https:\/\/www.vesab.de\/wpvesab\/wp-content\/uploads\/recorder_sony_TC-D5_07-1180x586.jpg 1180w, https:\/\/www.vesab.de\/wpvesab\/wp-content\/uploads\/recorder_sony_TC-D5_07.jpg 1200w\" sizes=\"auto, (max-width: 300px) 100vw, 300px\" \/><\/p>\n<p>&nbsp;<\/p>\n<p>Die Unterschiede sind vor allem in den Anschl\u00fcssen (und der internen Technik) zu finden:<\/p>\n<ul>\n<li>TC-D5M: Input &#8211; Cinch und Klinke f\u00fcr Mikrofon; Output &#8211; Cinch; Kopfh\u00f6rer &#8211; Klinke<\/li>\n<li>TC-D5 Pro: Input &#8211; XLR f\u00fcr Line in und Mikrofon; Output &#8211; Cinch;\u00a0Kopfh\u00f6rer &#8211; Klinke<\/li>\n<\/ul>\n<p>&nbsp;<\/p>\n<h3>Die technischen Daten<\/h3>\n<p>Das kleine Ding hatte es in sich &#8211; Technik vom Feinsten und f\u00fcr das gro\u00dfe Kino ger\u00fcstet &#8211; ok, nicht ganz. Aber f\u00fcr&#8217;s Fernsehen hat es immer gereicht. Wochenschauton kam oft aus dem kleinen Sony. Ich habe hier noch eine originale Kassette mit Aufnahmen von Helmut Kohl aus einem Interview \ud83d\ude09 (siehe unten).<\/p>\n<p>Der Kleine wurde sogar Hifi-Freunden gerecht, denn die servogesteuerte Antriebswelle verhinderte st\u00f6rende Gleichlaufschwankungen und der F-und-F-Tonkopf hat eine 200-fache Lebensdauer gegen\u00fcber den sonst verbauten Magnetk\u00f6pfen. Au\u00dfeerdem gab es DOLBY-Rauschunterdr\u00fcckung und die sch\u00f6ne Aussteuerungsanzeige mit den Spitzenpegeln per LED. Die D\u00e4mpfung von hohen Signalen konnte \u00fcber ein D\u00e4mpfungsglied realisiert werden und einen Limiter gab es auch. Zur optimalen Aussteuerung der B\u00e4nder gab es einen Bandsortenschalter und plus Abtastung der Kassette ergab das vier M\u00f6glichkeiten f\u00fcr die Bandwahl.<\/p>\n<p>&nbsp;<\/p>\n<p><img loading=\"lazy\" decoding=\"async\" class=\"alignnone size-full wp-image-6956\" src=\"http:\/\/www.vesab.de\/wpvesab\/wp-content\/uploads\/recorder_sony_TC-D5_04.jpg\" alt=\"\" width=\"1199\" height=\"412\" srcset=\"https:\/\/www.vesab.de\/wpvesab\/wp-content\/uploads\/recorder_sony_TC-D5_04.jpg 1199w, https:\/\/www.vesab.de\/wpvesab\/wp-content\/uploads\/recorder_sony_TC-D5_04-300x103.jpg 300w, https:\/\/www.vesab.de\/wpvesab\/wp-content\/uploads\/recorder_sony_TC-D5_04-768x264.jpg 768w, https:\/\/www.vesab.de\/wpvesab\/wp-content\/uploads\/recorder_sony_TC-D5_04-1180x405.jpg 1180w\" sizes=\"auto, (max-width: 1199px) 100vw, 1199px\" \/><\/p>\n<p>die Ein- und Ausg\u00e4nge des Pro II mit professionellen XLR-Buchsen &#8211; inkl. Eingangsd\u00e4mpungsschalter (20 dB)<\/p>\n<p>&nbsp;<\/p>\n<p><img loading=\"lazy\" decoding=\"async\" class=\"alignnone size-full wp-image-6963\" src=\"http:\/\/www.vesab.de\/wpvesab\/wp-content\/uploads\/recorder_sony_TC-D5_11.jpg\" alt=\"\" width=\"1199\" height=\"395\" srcset=\"https:\/\/www.vesab.de\/wpvesab\/wp-content\/uploads\/recorder_sony_TC-D5_11.jpg 1199w, https:\/\/www.vesab.de\/wpvesab\/wp-content\/uploads\/recorder_sony_TC-D5_11-300x99.jpg 300w, https:\/\/www.vesab.de\/wpvesab\/wp-content\/uploads\/recorder_sony_TC-D5_11-768x253.jpg 768w, https:\/\/www.vesab.de\/wpvesab\/wp-content\/uploads\/recorder_sony_TC-D5_11-1180x389.jpg 1180w\" sizes=\"auto, (max-width: 1199px) 100vw, 1199px\" \/><\/p>\n<p>der TC-D5 M hatte statt XLR Klinkeneing\u00e4nge aber zus\u00e4tzlich Cinch-Eing\u00e4nge f\u00fcr Line-In<\/p>\n<p>&nbsp;<\/p>\n<p>Der interne DC-DC-Transverter mach aus den gebotenen 3V oder sogar nur 2,5 Volt der Akkus dann 12V f\u00fcr einen internen Betrieb. Das funktioniert sehr gut und auch stabil. Mit der relativ hohen Spannung kann auch die Qualit\u00e4t der Elektronik gehalten werden, so dass auch die Verst\u00e4rker gut arbeiten k\u00f6nnen. Der TC hat einen Capstan-Antrieb (englische Bezeichnung f\u00fcr die Spillwinde), hier wird f\u00fcr die Gleichm\u00e4\u00dfigkeit der Bandgeschwindigkeit eine Welle angetrieben, die das Band am Tonkopf vorbeizieht (plus Gummiandruckrolle). Das ist ein Grund, warum der kleine Apparat eine vern\u00fcnftige Qualit\u00e4t liefert.<\/p>\n<p>&nbsp;<\/p>\n<h4>Technische Daten:<\/h4>\n<ul>\n<li>Hersteller: Sony Corporation; Tokyo<\/li>\n<li>Spannungsversorgung: Netzger\u00e4t 6 Volt oder 2 x 1,5 Volt Batterien; Akkus funktionieren auch lange genug<\/li>\n<li>Steckdoese: USA 120 V with type AC-61; Europe 110, 127, 220, 240 V with type AC-122<\/li>\n<li>Mobil: Car-Adapter 12 V<\/li>\n<li>Abmessungen (Breite\/H\u00f6he\/Tiefe) 237 x 48 x 168 mm \/ 9.3 x 1.9 x 6.6 inch (alle Modelle)<\/li>\n<li>Aufnahme: Stereo<\/li>\n<li>Player: \u00fcber Kopfh\u00f6rer Stereo; im Ger\u00e4t Monolautsprecher als Kontrolle<\/li>\n<li>Input M-Modell: Line-In \u00fcber Cinch, Mikrofon Stero \u00fcber 2x Klinke 6,3mm<\/li>\n<li>Input Pro-Modell: Line-In \u00fcber Mikroeingang, Mikrofon Stero \u00fcber 2x XLR, 3-polig<\/li>\n<li>DOLBY-Rauschunterdr\u00fcckung<\/li>\n<li>Aussteuerung: VU-meters, Limiter, Spitzenpegel-LED<\/li>\n<li>Nettogewicht 1.7 kg \/ 3 lb 11.9 oz (3.744 lb)<\/li>\n<li>Empfindlichkeit Mikrofoneingang 0,25mV (-70dB)<\/li>\n<\/ul>\n<p>&nbsp;<\/p>\n<p><img loading=\"lazy\" decoding=\"async\" class=\"alignnone size-full wp-image-6957\" src=\"http:\/\/www.vesab.de\/wpvesab\/wp-content\/uploads\/recorder_sony_TC-D5_05.jpg\" alt=\"\" width=\"1200\" height=\"535\" srcset=\"https:\/\/www.vesab.de\/wpvesab\/wp-content\/uploads\/recorder_sony_TC-D5_05.jpg 1200w, https:\/\/www.vesab.de\/wpvesab\/wp-content\/uploads\/recorder_sony_TC-D5_05-300x134.jpg 300w, https:\/\/www.vesab.de\/wpvesab\/wp-content\/uploads\/recorder_sony_TC-D5_05-768x342.jpg 768w, https:\/\/www.vesab.de\/wpvesab\/wp-content\/uploads\/recorder_sony_TC-D5_05-1180x526.jpg 1180w\" sizes=\"auto, (max-width: 1200px) 100vw, 1200px\" \/><\/p>\n<p>die Stromversorgung mobil: Mono (D) als Batterie oder\u00a0<a href=\"https:\/\/amzn.to\/2I6cdNO\" target=\"_blank\" rel=\"noopener\">Akkus (Amazon)<\/a><\/p>\n<p>&nbsp;<\/p>\n<h3>Im Betrieb &#8211; Tipps<\/h3>\n<p>Man muss nur wenige Dinge beachten, wenn man lange Freude an dem Ger\u00e4t haben m\u00f6chte. Aufnahmen sollten immer per Akku erfolgen, um Netzeinstreuungen zu vermeiden. Die Batterien halten ca. 1,5 bis 2 Stunden, ja nach Temperatur. Wenn es richtig kalt ist, h\u00f6rt es auch fr\u00fcher auf. Wer nur abspielt, wird damit deutlich l\u00e4nger auskommen. Besser sind Akkus &#8211; es gibt gute NiMH-<a href=\"https:\/\/amzn.to\/2I6cdNO\" target=\"_blank\" rel=\"noopener\">Akkus (Amazon)<\/a> mit sage und schreibe 10.000 mAh und die Dinger halten einfach ewig (nicht die 5.000er nehmen). Gut vier Stunden sind schon drin und beim Abspielen deutlich l\u00e4nger.<\/p>\n<p>Hinweise zum Entmagnetisierer ganz unten.<\/p>\n<p>&nbsp;<\/p>\n<p><img loading=\"lazy\" decoding=\"async\" class=\"alignnone size-full wp-image-6960\" src=\"http:\/\/www.vesab.de\/wpvesab\/wp-content\/uploads\/recorder_sony_TC-D5_08.jpg\" alt=\"\" width=\"1200\" height=\"438\" srcset=\"https:\/\/www.vesab.de\/wpvesab\/wp-content\/uploads\/recorder_sony_TC-D5_08.jpg 1200w, https:\/\/www.vesab.de\/wpvesab\/wp-content\/uploads\/recorder_sony_TC-D5_08-300x110.jpg 300w, https:\/\/www.vesab.de\/wpvesab\/wp-content\/uploads\/recorder_sony_TC-D5_08-768x280.jpg 768w, https:\/\/www.vesab.de\/wpvesab\/wp-content\/uploads\/recorder_sony_TC-D5_08-1180x431.jpg 1180w\" sizes=\"auto, (max-width: 1200px) 100vw, 1200px\" \/><\/p>\n<p>die VU-Meter und links oben die REC-LED, daneben die Spitzepegel-LED PEAK<\/p>\n<p>&nbsp;<\/p>\n<p>Die Aussteuerung der beiden Kan\u00e4le kann getrennt erfolgen. Manchmal scheint das nicht zu gehen &#8211; siehe weiter unten in der Fehleranalyse. Die Aussteuerung soll so erfolgen, dass die Spitzen-LED nur ab und an aufleuchtet und der Pegel m\u00f6glichst bei Null steht und nur sporadisch in den roten Bereich geht. Bei Aufnahmen mit dem Mikro muss man aufpassen, dass der Spitzenpegel nicht dauernd rot wird &#8211; am besten l\u00e4sst sich das durch Abstandsver\u00e4nderung zum Interviewpartner erreichen &#8211; da muss man halt \u00fcben. Bei extrem lauten Pegeln durch Musikveranstaltungen oder technischen L\u00e4rm kann man den D\u00e4mpfer einschalten &#8211; was aber selten notwendig ist. Ansonsten muss man jedesmal kontrollieren, dass D\u00e4mpfer und Limiter immer ausgeschaltet sind, sonst ist die Aufnahme hin\u00fcber bzw. geht im Bandrauschen unter. Ich w\u00fcrde DOLBY nicht einsetzen oder zumindest vorab austesten, ob es \u00fcberhaupt Vorteile bringt.<\/p>\n<p>&nbsp;<\/p>\n<p><img loading=\"lazy\" decoding=\"async\" class=\"alignnone size-full wp-image-6967\" src=\"http:\/\/www.vesab.de\/wpvesab\/wp-content\/uploads\/recorder_sony_TC-D5_15.jpg\" alt=\"\" width=\"1200\" height=\"800\" srcset=\"https:\/\/www.vesab.de\/wpvesab\/wp-content\/uploads\/recorder_sony_TC-D5_15.jpg 1200w, https:\/\/www.vesab.de\/wpvesab\/wp-content\/uploads\/recorder_sony_TC-D5_15-300x200.jpg 300w, https:\/\/www.vesab.de\/wpvesab\/wp-content\/uploads\/recorder_sony_TC-D5_15-768x512.jpg 768w, https:\/\/www.vesab.de\/wpvesab\/wp-content\/uploads\/recorder_sony_TC-D5_15-1180x787.jpg 1180w\" sizes=\"auto, (max-width: 1200px) 100vw, 1200px\" \/><\/p>\n<p>das Ger\u00e4t mag klassische dynamische Mikrofone\u00a0 &#8211; m\u00f6glichst auch aus den 80er Jahren \ud83d\ude09<\/p>\n<p>&nbsp;<\/p>\n<h3>Fehlerquellen und Probleme mit alten Ger\u00e4ten<\/h3>\n<p>Bevor ich zwei vern\u00fcnftige Ger\u00e4te zusammen hatte, ist einige Zeit ins Land gegangen und auch einige Reinf\u00e4lle gab es dabei. Im Netz werden ja oft Ger\u00e4te angeboten und es ist schon bezeichnend, wie oft da steht, dass das Ger\u00e4t einwandfrei funktioniert oder dass man gerade keine Batterien zur Hand hat oder zu bl\u00f6d ist, welche einzulegen. Sieht man sich die Ger\u00e4te dann genauer an, kann man die unprofessionellen Reparaturversuche deutlich erkennen. Nat\u00fcrlich wird das nicht fotografiert und wenn man das hinterher bem\u00e4ngelt, dann wird mit notorischer Bl\u00f6dheit argumentiert, obwohl pro Woche zwei Ger\u00e4te \u00fcber den virtuellen Ladentisch gehen. Aber genug gemeckert, zuk\u00fcnftigen K\u00e4ufern m\u00f6chte ich daher einige Tipps mit auf den Weg geben, damit sie nicht auch hereinfallen. Die Ger\u00e4te sind zwar robust aber auch gut genutzt worden und alles hat eine Haltbarkeitsgrenze &#8211; das hei\u00dft, dass professionell genutzte Ger\u00e4te auch meist hin\u00fcber sind. Sehr gut ist das an den zerfledderten ledernen H\u00fcllen zu erkennen. Sind die Teile in einem erb\u00e4rmlichen Zustand, dann H\u00e4nde weg vom Ger\u00e4t, denn es sieht ebenso aus.<\/p>\n<p>&nbsp;<\/p>\n<p><img loading=\"lazy\" decoding=\"async\" class=\"alignnone wp-image-6965 size-full\" src=\"http:\/\/www.vesab.de\/wpvesab\/wp-content\/uploads\/recorder_sony_TC-D5_13.jpg\" alt=\"\" width=\"1199\" height=\"383\" srcset=\"https:\/\/www.vesab.de\/wpvesab\/wp-content\/uploads\/recorder_sony_TC-D5_13.jpg 1199w, https:\/\/www.vesab.de\/wpvesab\/wp-content\/uploads\/recorder_sony_TC-D5_13-300x96.jpg 300w, https:\/\/www.vesab.de\/wpvesab\/wp-content\/uploads\/recorder_sony_TC-D5_13-768x245.jpg 768w, https:\/\/www.vesab.de\/wpvesab\/wp-content\/uploads\/recorder_sony_TC-D5_13-1180x377.jpg 1180w\" sizes=\"auto, (max-width: 1199px) 100vw, 1199px\" \/><\/p>\n<p>die Fehler treten bei allen Modellen auf<\/p>\n<p>&nbsp;<\/p>\n<p>Hier mal eine Auflistung von Problemen und Fehlern, die euch so \u00fcber den Weg laufen werden, solltet ihr mit dem Ger\u00e4t lieb\u00e4ugeln:<\/p>\n<h4>Sichtbare M\u00e4ngel:<\/h4>\n<ul>\n<li>Lederh\u00fclle verschlissen &#8211; Zeichen f\u00fcr stark gebrauchtes Ger\u00e4t &#8211; Finger weg<\/li>\n<li>Plexiglasscheibe der Kassettenabdeckung gebrochen &#8211; starker Druck war der Grund<\/li>\n<li>Beulen im Geh\u00e4use = professionelle Nutzung oder nicht ad\u00e4quater Umgang<\/li>\n<li>Plexiglasscheibe ist verschoben &#8211; kann evtl. repariert werden, wenn weiter nichts defekt ist<\/li>\n<li>Schrammen am Geh\u00e4use = professionelle Nutzung<\/li>\n<li>Schraubenk\u00f6pfe blank oder abgenutzt &#8211; Ger\u00e4t wurde mehrfach ge\u00f6ffnet &#8211; warum auch immer &#8211; Finger weg<\/li>\n<li>Tasten h\u00e4ngen &#8211; Federn fehlen oder gebrochene Teile &#8211; evtl. Reparatur m\u00f6glich<\/li>\n<li>Batterieklappe fehlt &#8211; es gibt keinen Ersatz<\/li>\n<li>Verschluss der Batterieklappe fehlt &#8211; ebenfalls kaum Ersatz m\u00f6glich<\/li>\n<li>Potentiometerkappen abgenutzt = starke professionelle Nutzung oder falscher Umgang mit dem Ger\u00e4t<\/li>\n<li>starke Verschmutzung, vor allem in den Lautsprechervertiefungen &#8211; schlechter Umgang mit dem Ger\u00e4t<\/li>\n<li>Abspielen geht nicht oder eiert = Riemen im Eimer &#8211; kann repariert werden<\/li>\n<li>Metal-Druckhebel klemmt &#8211; meist verdreckt und mit Gewalt verbogen worden &#8211; kann repariert werden<\/li>\n<\/ul>\n<p>&nbsp;<\/p>\n<p><img loading=\"lazy\" decoding=\"async\" class=\"alignnone size-full wp-image-6966\" src=\"http:\/\/www.vesab.de\/wpvesab\/wp-content\/uploads\/recorder_sony_TC-D5_14.jpg\" alt=\"\" width=\"1199\" height=\"223\" srcset=\"https:\/\/www.vesab.de\/wpvesab\/wp-content\/uploads\/recorder_sony_TC-D5_14.jpg 1199w, https:\/\/www.vesab.de\/wpvesab\/wp-content\/uploads\/recorder_sony_TC-D5_14-300x56.jpg 300w, https:\/\/www.vesab.de\/wpvesab\/wp-content\/uploads\/recorder_sony_TC-D5_14-768x143.jpg 768w, https:\/\/www.vesab.de\/wpvesab\/wp-content\/uploads\/recorder_sony_TC-D5_14-1180x219.jpg 1180w\" sizes=\"auto, (max-width: 1199px) 100vw, 1199px\" \/><\/p>\n<p>&nbsp;<\/p>\n<h4>Nicht sichtbare M\u00e4ngel:<\/h4>\n<ul>\n<li>nichts geht mehr &#8211; kann alles M\u00f6gliche sein &#8211; oft geht es schon am DC-DC-Wandler los<\/li>\n<li>gro\u00dfe Potentiometerkappe f\u00fcr Pegel l\u00e4sst sich nicht verstellen &#8211; innere Klebung gel\u00f6st &#8211; kann repariert werden<\/li>\n<li>Kratzen beim Monitor verstellen &#8211; Poti verdreckt &#8211; kann ges\u00e4ubert werden<\/li>\n<li>Schaumstoffpolster haben sich aufgel\u00f6st &#8211; Kleber hat sich verteilt &#8211; kann man s\u00e4ubern, dauert aber<\/li>\n<\/ul>\n<p>&nbsp;<\/p>\n<p>Im Inneren kann nat\u00fcrlich alles defekt sein. Wenn also nichts mehr geht, sollte man die Finger von dem Ger\u00e4t lassen, denn es haben sicher schon einige daran herumgeschraubt und oft mehr kaputt gemacht, als zu reparieren. Leider sind meist die Riemen ausgeleiert, so dass man das ganze Ger\u00e4t zerlegen muss. Wer keine gute Werkstatt in der N\u00e4he hat, der sollte also von einem Kauf Abstand nehmen. Die meisten Werkst\u00e4tten nehmen so ein Ger\u00e4t \u00fcberhaupt nicht mehr an.<\/p>\n<p>&nbsp;<\/p>\n<p><img loading=\"lazy\" decoding=\"async\" class=\"alignnone size-full wp-image-6968\" src=\"http:\/\/www.vesab.de\/wpvesab\/wp-content\/uploads\/recorder_sony_TC-D5_16.jpg\" alt=\"\" width=\"1200\" height=\"800\" srcset=\"https:\/\/www.vesab.de\/wpvesab\/wp-content\/uploads\/recorder_sony_TC-D5_16.jpg 1200w, https:\/\/www.vesab.de\/wpvesab\/wp-content\/uploads\/recorder_sony_TC-D5_16-300x200.jpg 300w, https:\/\/www.vesab.de\/wpvesab\/wp-content\/uploads\/recorder_sony_TC-D5_16-768x512.jpg 768w, https:\/\/www.vesab.de\/wpvesab\/wp-content\/uploads\/recorder_sony_TC-D5_16-1180x787.jpg 1180w\" sizes=\"auto, (max-width: 1200px) 100vw, 1200px\" \/><\/p>\n<p>eine super Kassette f\u00fcr Tonaufnahmen<\/p>\n<p>&nbsp;<\/p>\n<h3>Praxis<\/h3>\n<p>Wenn man erst einmal die Abkehr geschafft hat von seinem iPhone X, dann hat man wieder ein St\u00fcck Entschleunigung geschafft. Von wegen mal eben zum Titel 23 springen oder eine neue Playlist erstellen &#8211; nix da! Eine Aufnahme von Titeln dauert genauso lange, wie das Abspielen &#8211; also nicht einfach herunterladen in 5 Minuten. Alles dauert deutlich l\u00e4nger und wenn man Musik h\u00f6ren will, dann hat das immer mit echten Handgriffen zu tun. Ich erwische mich manchmal dabei, dass ich mit dem Monolautsprecher des kleinen Sony einfach Musik h\u00f6re &#8211; keine Ahnung warum &#8211; h\u00f6rt sich irgendwie anders an. Kassetten sind elend teuer, wenn sie was taugen sollen und man kann auch nicht 2.375 Titel mitnehmen, sondern nur seine 15 Lieblingskassetten &#8211; der Umgang mit der Musik wird wieder anders &#8211; genau wie beim analogen Film. Wer es nicht ausprobiert, der wird es eh nicht glauben. Bl\u00f6derweise kostet eine <a href=\"https:\/\/amzn.to\/2K131vD\" target=\"_blank\" rel=\"noopener\">Sony UX-Pro-Kassette (manchmal bei Amazon)<\/a> zwischen 5 und 15 Euro, was nat\u00fcrlich auch nie besser werden wird, da die Produktion eingestellt ist. Aber auch die preiswerten Kassetten sind f\u00fcr den normalen H\u00f6rgenuss v\u00f6llig ok aber bitte keine 100er oder 120er Kassetten benutzen &#8211; das funktioniert vor allem bei kaum gewarteten Ger\u00e4ten \u00fcberhaupt nicht. Mit dem Bandrauschen bei sehr leisen T\u00f6nen wird man sich arrangieren und irgendwann fehlt es, wenn man mal wieder aus der Telefonkonserve seine Lieder h\u00f6rt.<\/p>\n<p>In relativ kurzer Zeit hat man sich an das Ger\u00e4t gew\u00f6hnt und die Gr\u00f6\u00dfe, das Gewicht und das Procedere werden als normal assimiliert.<\/p>\n<p>&nbsp;<\/p>\n<p><img loading=\"lazy\" decoding=\"async\" class=\"alignnone size-full wp-image-6964\" src=\"http:\/\/www.vesab.de\/wpvesab\/wp-content\/uploads\/recorder_sony_TC-D5_12.jpg\" alt=\"\" width=\"1200\" height=\"800\" srcset=\"https:\/\/www.vesab.de\/wpvesab\/wp-content\/uploads\/recorder_sony_TC-D5_12.jpg 1200w, https:\/\/www.vesab.de\/wpvesab\/wp-content\/uploads\/recorder_sony_TC-D5_12-300x200.jpg 300w, https:\/\/www.vesab.de\/wpvesab\/wp-content\/uploads\/recorder_sony_TC-D5_12-768x512.jpg 768w, https:\/\/www.vesab.de\/wpvesab\/wp-content\/uploads\/recorder_sony_TC-D5_12-1180x787.jpg 1180w\" sizes=\"auto, (max-width: 1200px) 100vw, 1200px\" \/><\/p>\n<p>der TC-D5 M in einem sch\u00f6nen Zustand &#8211; immerhin 37 Jahre alt<\/p>\n<p>&nbsp;<\/p>\n<p>Wer Technik mag, wird viel Spa\u00df mit dem Ger\u00e4t haben &#8211; alles ist in sehr hoher Qualit\u00e4t gefertigt und die Haptik des Ger\u00e4tes ist einfach ph\u00e4nomenal. Dabei passt auch noch die die Qualit\u00e4t der Aufnahme, was ja bei so kleinen Ger\u00e4ten nicht immer der Fall ist.<\/p>\n<p>&nbsp;<\/p>\n<p><img loading=\"lazy\" decoding=\"async\" class=\"alignnone size-full wp-image-6992\" src=\"http:\/\/www.vesab.de\/wpvesab\/wp-content\/uploads\/recorder_sony_TC-D5_20.jpg\" alt=\"\" width=\"1000\" height=\"667\" srcset=\"https:\/\/www.vesab.de\/wpvesab\/wp-content\/uploads\/recorder_sony_TC-D5_20.jpg 1000w, https:\/\/www.vesab.de\/wpvesab\/wp-content\/uploads\/recorder_sony_TC-D5_20-300x200.jpg 300w, https:\/\/www.vesab.de\/wpvesab\/wp-content\/uploads\/recorder_sony_TC-D5_20-768x512.jpg 768w\" sizes=\"auto, (max-width: 1000px) 100vw, 1000px\" \/><\/p>\n<p>Hier ist das Interview mit Kohl drauf &#8211; in seinem typischen Slang und im Jahr vor der Mauer\u00f6ffnung. Echte deutsche Geschichte.<\/p>\n<p>&nbsp;<\/p>\n<h3>Hinweis<\/h3>\n<p>Wer bemerkt, dass seine Aufnahmen dumpfer oder allgemein schlechter werden, sollte die Tonk\u00f6pfe entmagnetisieren. Dazu gibt es einen <a href=\"https:\/\/amzn.to\/2M7uRHi\" target=\"_blank\" rel=\"noopener\">Entmagnetisierer (Amazon)<\/a>, welcher zwar lustig zu bedienen ist aber auch wirksam hilft.<\/p>\n<p>&nbsp;<\/p>\n<p>Viel Gl\u00fcck beim Kauf und viel Spa\u00df beim Musik h\u00f6ren!<\/p>\n<p>&nbsp;<\/p>\n<p><em>Hinweis:<\/em><\/p>\n<p>In diesem Beitrag werden interne und externe Links verwendet. Interne Links f\u00fchren auf meine eigene Website und sind nicht n\u00e4her gekennzeichnet. Externe Links zu Amazon sind mit einem zus\u00e4tzliche Hinweis gekennzeichnet. Wer Produkte \u00fcber diese Links bei Amazon erwirbt zahlt nicht mehr aber ein kleiner Teil des Erl\u00f6ses kommt mir zugute. Vielen Dank f\u00fcr die Nutzung!<\/p>\n<p>&nbsp;<\/p>\n<p>Amazon-Links:<\/p>\n<p>Der <a href=\"https:\/\/amzn.to\/2M7uRHi\" target=\"_blank\" rel=\"noopener\">Entmagnetisierer<\/a><\/p>\n<p><a href=\"https:\/\/amzn.to\/2I6cdNO\" target=\"_blank\" rel=\"noopener\">Akkus<\/a>\u00a0mit 10.000 mAh<\/p>\n<p><a href=\"https:\/\/amzn.to\/2K131vD\" target=\"_blank\" rel=\"noopener\">Sony UX-Pro-Kassette<\/a><\/p>\n<p>&nbsp;<\/p>\n","protected":false},"excerpt":{"rendered":"<p>Der Kultrekorder Sony TC-D5 Pro II &#8211; Front &nbsp; Mittlerweile gibt es ein Video dazu auf meinem YT-Kanal: Sony TC-D5 PRO II &nbsp; Back to the roots Im Zuge meines 16mm-Filmprojektes kommt nat\u00fcrlich auch&#46;&#46;&#46;<\/p>\n","protected":false},"author":2,"featured_media":6960,"comment_status":"open","ping_status":"open","sticky":false,"template":"","format":"standard","meta":{"footnotes":""},"categories":[882,42,897,907,942],"tags":[340,636,917,918,914,339,910,912,915,916,909,908,911,913],"class_list":["post-6950","post","type-post","status-publish","format-standard","has-post-thumbnail","hentry","category-16mm-film","category-fotografie_analog","category-film","category-tontechnik","category-video","tag-16mm","tag-fotografie_analog","tag-audio-kassette","tag-audiocassette","tag-fieldrecorder","tag-filmkamera","tag-kassettenrecorder","tag-kassettenrekorder","tag-reportagegeraet","tag-reporter","tag-sony-tc-d5-m","tag-sony-tc-d5-pro-ii","tag-tape-recorder","tag-tonband"],"_links":{"self":[{"href":"https:\/\/www.vesab.de\/wpvesab\/wp-json\/wp\/v2\/posts\/6950","targetHints":{"allow":["GET"]}}],"collection":[{"href":"https:\/\/www.vesab.de\/wpvesab\/wp-json\/wp\/v2\/posts"}],"about":[{"href":"https:\/\/www.vesab.de\/wpvesab\/wp-json\/wp\/v2\/types\/post"}],"author":[{"embeddable":true,"href":"https:\/\/www.vesab.de\/wpvesab\/wp-json\/wp\/v2\/users\/2"}],"replies":[{"embeddable":true,"href":"https:\/\/www.vesab.de\/wpvesab\/wp-json\/wp\/v2\/comments?post=6950"}],"version-history":[{"count":0,"href":"https:\/\/www.vesab.de\/wpvesab\/wp-json\/wp\/v2\/posts\/6950\/revisions"}],"wp:featuredmedia":[{"embeddable":true,"href":"https:\/\/www.vesab.de\/wpvesab\/wp-json\/wp\/v2\/media\/6960"}],"wp:attachment":[{"href":"https:\/\/www.vesab.de\/wpvesab\/wp-json\/wp\/v2\/media?parent=6950"}],"wp:term":[{"taxonomy":"category","embeddable":true,"href":"https:\/\/www.vesab.de\/wpvesab\/wp-json\/wp\/v2\/categories?post=6950"},{"taxonomy":"post_tag","embeddable":true,"href":"https:\/\/www.vesab.de\/wpvesab\/wp-json\/wp\/v2\/tags?post=6950"}],"curies":[{"name":"wp","href":"https:\/\/api.w.org\/{rel}","templated":true}]}}