{"id":716,"date":"2009-07-14T09:45:55","date_gmt":"2009-07-14T07:45:55","guid":{"rendered":"http:\/\/www.vesab.de\/wpvesab\/?p=716"},"modified":"2022-08-23T13:43:16","modified_gmt":"2022-08-23T11:43:16","slug":"48-stunden-segel-toern","status":"publish","type":"post","link":"https:\/\/www.vesab.de\/wpvesab\/storys\/48-stunden-segel-toern-716\/","title":{"rendered":"48-Stunden-Segel-T\u00f6rn"},"content":{"rendered":"<p>alte Version:\u00a0V 1.3 vom 14.07.09 letzter Update 17.07.09 \u00a92009<\/p>\n<p><img loading=\"lazy\" decoding=\"async\" class=\"alignnone size-full wp-image-689\" src=\"http:\/\/www.vesab.de\/wpvesab\/wp-content\/uploads\/wassersport_segeln_toern48_00.jpg\" alt=\"wassersport_segeln_toern48_00\" width=\"600\" height=\"400\" srcset=\"https:\/\/www.vesab.de\/wpvesab\/wp-content\/uploads\/wassersport_segeln_toern48_00.jpg 600w, https:\/\/www.vesab.de\/wpvesab\/wp-content\/uploads\/wassersport_segeln_toern48_00-300x200.jpg 300w\" sizes=\"auto, (max-width: 600px) 100vw, 600px\" \/><\/p>\n<p>Ostsee-T\u00f6rn 2009<\/p>\n<p>&nbsp;<\/p>\n<h3>Endlich Segeln!<\/h3>\n<p>Hurra &#8211; endlich 3 Tage frei! Bei meinem letzten geplanten T\u00f6rn passierte Folgendes:<br \/>\n6:00 Uhr Aufstehen, packen, 7:00 Uhr Boot klarieren, 8:00 Uhr ablegen und Gedser ansteuern.<br \/>\n9:00 Uhr ca. H\u00f6he Warnem\u00fcnde dann ein Anruf: &#8222;Hallo Thomas, wo steckst du gerade?&#8220;<br \/>\nIch: &#8222;Auf der Ostsee (na ja fast)&#8220;. Anrufer: &#8222;Mach kein Sche&#8230;&#8220;. Ich: &#8222;Doch, ehrlich &#8211; sch\u00f6n, nicht wahr ;)&#8220;.<br \/>\nAnrufer: &#8222;Nee, \u00fcberhaupt nicht sch\u00f6n &#8211; hier warten ein paar Leute auf dich&#8230;&#8220; usw.<br \/>\nNach einer 180-Grad-Kehrtwende war ich dann um kurz nach Zehn gutgelaunt am arbeiten&#8230; ;((<\/p>\n<p>Nun jedoch war es Abends um Acht und die Gefahr, dass jemand anruft, war relativ gering&#8230;<br \/>\nIch wollte in den n\u00e4chsten Stunden und Tagen einen T\u00f6rn, der mich etwas forderte. Also begann ich mit einer Nachtfahrt&#8230;<\/p>\n<p>&nbsp;<\/p>\n<h3>T\u00f6rn &#8211; Route<\/h3>\n<ul>\n<li><span style=\"letter-spacing: 0.05em;\">Rostock, Marina Stadthafen (Heimatliegeplatz)<\/span><\/li>\n<li><span style=\"letter-spacing: 0.05em;\">Gedser, Yachthafen<\/span><\/li>\n<li><span style=\"letter-spacing: 0.05em;\">Fehmarn, Yachthafen Burgtiefe<\/span><\/li>\n<li><span style=\"letter-spacing: 0.05em;\">Rostock, Marina Stadthafen (Heimatliegeplatz)<\/span><\/li>\n<\/ul>\n<p>&nbsp;<\/p>\n<h3>Start: Nachtfahrt Rostock-Gedser<\/h3>\n<p>Ich staunte nicht schlecht: Meine Verpflegung f\u00fcr maximal vier Tage sprengte gerade die 100-Euro-Marke. Irgendwie hatte ich wohl meine Vorstellungen dieses T\u00f6rns nicht richtig in Zahlen umrechnen k\u00f6nnen. Egal, verhungern (und verdursten) w\u00fcrde ich wohl auch nach zwei Wochen auf See nicht. Das ganze Zeugs schleppte ich dann noch auf&#8217;s Boot, inkl\u00f6. diverser Kanister Diesel. Mittlerweile nahte die D\u00e4mmerung und ich musste zusehen, dass ich los kam. Den Sonnenuntergang wollte ich ja schlie\u00dflich auf See mitnehmen und bis dahin waren es noch 5 Meilen unter Motor. Um halb Zehn warf ich die Leinen los und schaukelte bei fast null Wind los. Das Wetter war gut und auch angenehm warm. Die Nacht konnte kommen. In Warnem\u00fcnde angekommen, war die Sonne leider schon verschwunden. Das sch\u00f6ne Licht und die ruhige Stimmung waren jedoch noch vorhanden und es war lustig, dass alle anderen Freizeitskipper genau in die andere Richtung unterwegs waren. Nach einer Meile auf See war ich quasi allein. Nur die Berufsschiffer sollten mich die ganze Nacht wach halten.<\/p>\n<p><img loading=\"lazy\" decoding=\"async\" class=\"alignnone size-full wp-image-690\" src=\"http:\/\/www.vesab.de\/wpvesab\/wp-content\/uploads\/wassersport_segeln_toern48_10.jpg\" alt=\"wassersport_segeln_toern48_10\" width=\"600\" height=\"400\" srcset=\"https:\/\/www.vesab.de\/wpvesab\/wp-content\/uploads\/wassersport_segeln_toern48_10.jpg 600w, https:\/\/www.vesab.de\/wpvesab\/wp-content\/uploads\/wassersport_segeln_toern48_10-300x200.jpg 300w\" sizes=\"auto, (max-width: 600px) 100vw, 600px\" \/><\/p>\n<p>Der aufgezogene Mond versprach eine helle Nacht &#8211; aber daraus sollte nichts werden. Das wusste ich aber zu diesem Zeitpunkt noch nicht und so lie\u00df ich weiter die Maschine laufen, da der Wind nun v\u00f6llig eingeschlafen war. Den Windprognosen nach, sollte der Wind erst in der zweiten Nachth\u00e4lfte wieder zulegen.<\/p>\n<p><img loading=\"lazy\" decoding=\"async\" class=\"alignnone size-full wp-image-691\" src=\"http:\/\/www.vesab.de\/wpvesab\/wp-content\/uploads\/wassersport_segeln_toern48_11.jpg\" alt=\"wassersport_segeln_toern48_11\" width=\"600\" height=\"400\" srcset=\"https:\/\/www.vesab.de\/wpvesab\/wp-content\/uploads\/wassersport_segeln_toern48_11.jpg 600w, https:\/\/www.vesab.de\/wpvesab\/wp-content\/uploads\/wassersport_segeln_toern48_11-300x200.jpg 300w\" sizes=\"auto, (max-width: 600px) 100vw, 600px\" \/><\/p>\n<p>Der Diesel tuckerte also vor sich hin und ein oder zwei Stunden nach Mitternacht erreichte ich die Kadet-Rinne. Dieses Verkehrstrennungsgebiet ist am Tage recht gut befahren. Ich ging davon aus, dass nachts etwas Ruhe dort einkehrt &#8211; weit gefehlt! Ich z\u00e4hlte in dieser Nacht 36 gro\u00dfe P\u00f6tte, die manchmal schon kurios beleuchtet waren. Der Himmel zog sich zu und Regen setzte ein. Auch etwas Wind kam dazu. Der Regen gefiel mir \u00fcberhaupt nicht, lullte er mich doch auf See ganz sch\u00f6n ein und eben noch sichtbare Dampfer verschwanden hinter einer Wand aus Wasser. Ich starrte angestrengt durchs Glas und sch\u00e4tzte die Kurse der Gro\u00dfen. Die wie Weihnachtsb\u00e4ume beleuchteten F\u00e4hren und Kreuzfahrer waren kein Problem (au\u00dfer dass ich kaum die Backbord- und Steuerbordlichter erkannte zwischen den ganzen Leuchten), die langen Tanker und andere Gro\u00dfschiffe, die wie Geisterschiffe ohne weitere Beleuchtung durch die See pfl\u00fcgten lie\u00dfen mich wach bleiben. Ansonsten war es dunkel, wie im&#8230;<\/p>\n<p><img loading=\"lazy\" decoding=\"async\" class=\"alignnone size-full wp-image-692\" src=\"http:\/\/www.vesab.de\/wpvesab\/wp-content\/uploads\/wassersport_segeln_toern48_12.jpg\" alt=\"wassersport_segeln_toern48_12\" width=\"600\" height=\"400\" srcset=\"https:\/\/www.vesab.de\/wpvesab\/wp-content\/uploads\/wassersport_segeln_toern48_12.jpg 600w, https:\/\/www.vesab.de\/wpvesab\/wp-content\/uploads\/wassersport_segeln_toern48_12-300x200.jpg 300w\" sizes=\"auto, (max-width: 600px) 100vw, 600px\" \/><\/p>\n<p>Drei Kreuze sp\u00e4ter hatte ich die Kadet-Rinne hinter mir gelassen und lief nun schnurstraks auf Gedser zu. Irgend jemand knipste auch das Licht wieder an und die Lage entspannte sich. Meine Wachabl\u00f6sung war leider nicht vorhanden, so dass nun ein starker Kaffee angesagt war. Der Wind nahm zu und der Motor konnte aus bleiben. Die erste Tonne vor Gedser begr\u00fc\u00dfte mich um kurz nach halb F\u00fcnf. Die M\u00fcdigkeit \u00fcbermannte mich und ich sah zu, dass ich in den Yachthafen kam.<\/p>\n<p><img loading=\"lazy\" decoding=\"async\" class=\"alignnone size-full wp-image-693\" src=\"http:\/\/www.vesab.de\/wpvesab\/wp-content\/uploads\/wassersport_segeln_toern48_13.jpg\" alt=\"wassersport_segeln_toern48_13\" width=\"600\" height=\"400\" srcset=\"https:\/\/www.vesab.de\/wpvesab\/wp-content\/uploads\/wassersport_segeln_toern48_13.jpg 600w, https:\/\/www.vesab.de\/wpvesab\/wp-content\/uploads\/wassersport_segeln_toern48_13-300x200.jpg 300w\" sizes=\"auto, (max-width: 600px) 100vw, 600px\" \/><\/p>\n<p>Der Wind blies nun st\u00e4rker aus Richtung West, so dass ich beim Anlegen auch noch Seitenwind hatte. Leider strolchte morgens um kurz vor Sechs keiner auf dem Steg herum, so dass ich alleine klar kommen musste. Zudem waren fast alle Liegepl\u00e4tze auch noch belegt. Die erste Etappe war geschafft und ich war ordentlich m\u00fcde nach einem anstrengenden Tag und einer langen Nacht auf See.<br \/>\nIch fiel in Koje und stellte keinen Wecker.<\/p>\n<p>&nbsp;<\/p>\n<h3>Gedser &#8211; Fehmarn<\/h3>\n<p>Die Sonne blinzelte jedoch schon um Zehn wieder durchs Kaj\u00fctfenster und schickte sich an, die Kaj\u00fcte ordentlich aufzuheizen. Was soll&#8217;s, ich stand auf und schlenderte erst einmal durch den Hafen. Eine nette D\u00e4nin versorgte mich dann noch mit den aktuellsten Wetterinformationen. Der Hafenmeister war leider weit und breit nicht zu sehen. Alles war verrammelt. Nix mit frischen Br\u00f6tchen.<\/p>\n<p><img loading=\"lazy\" decoding=\"async\" class=\"alignnone size-full wp-image-694\" src=\"http:\/\/www.vesab.de\/wpvesab\/wp-content\/uploads\/wassersport_segeln_toern48_14k.jpg\" alt=\"wassersport_segeln_toern48_14k\" width=\"400\" height=\"267\" srcset=\"https:\/\/www.vesab.de\/wpvesab\/wp-content\/uploads\/wassersport_segeln_toern48_14k.jpg 400w, https:\/\/www.vesab.de\/wpvesab\/wp-content\/uploads\/wassersport_segeln_toern48_14k-300x200.jpg 300w\" sizes=\"auto, (max-width: 400px) 100vw, 400px\" \/><\/p>\n<p>an die Leinen gelegt<\/p>\n<p><img loading=\"lazy\" decoding=\"async\" class=\"alignnone size-full wp-image-695\" src=\"http:\/\/www.vesab.de\/wpvesab\/wp-content\/uploads\/wassersport_segeln_toern48_15k.jpg\" alt=\"wassersport_segeln_toern48_15k\" width=\"400\" height=\"267\" srcset=\"https:\/\/www.vesab.de\/wpvesab\/wp-content\/uploads\/wassersport_segeln_toern48_15k.jpg 400w, https:\/\/www.vesab.de\/wpvesab\/wp-content\/uploads\/wassersport_segeln_toern48_15k-300x200.jpg 300w\" sizes=\"auto, (max-width: 400px) 100vw, 400px\" \/><\/p>\n<p>da fummelt die D\u00e4nin am Wetter rum&#8230;<\/p>\n<p><img loading=\"lazy\" decoding=\"async\" class=\"alignnone size-full wp-image-696\" src=\"http:\/\/www.vesab.de\/wpvesab\/wp-content\/uploads\/wassersport_segeln_toern48_16k.jpg\" alt=\"wassersport_segeln_toern48_16k\" width=\"400\" height=\"267\" srcset=\"https:\/\/www.vesab.de\/wpvesab\/wp-content\/uploads\/wassersport_segeln_toern48_16k.jpg 400w, https:\/\/www.vesab.de\/wpvesab\/wp-content\/uploads\/wassersport_segeln_toern48_16k-300x200.jpg 300w\" sizes=\"auto, (max-width: 400px) 100vw, 400px\" \/><\/p>\n<p>jetzt sind schon alle unterwegs<\/p>\n<p><img loading=\"lazy\" decoding=\"async\" class=\"alignnone size-full wp-image-697\" src=\"http:\/\/www.vesab.de\/wpvesab\/wp-content\/uploads\/wassersport_segeln_toern48_17k.jpg\" alt=\"wassersport_segeln_toern48_17k\" width=\"400\" height=\"267\" srcset=\"https:\/\/www.vesab.de\/wpvesab\/wp-content\/uploads\/wassersport_segeln_toern48_17k.jpg 400w, https:\/\/www.vesab.de\/wpvesab\/wp-content\/uploads\/wassersport_segeln_toern48_17k-300x200.jpg 300w\" sizes=\"auto, (max-width: 400px) 100vw, 400px\" \/><\/p>\n<p>Gedser Yachthafen<\/p>\n<p>Ich \u00fcberlegte, was mein n\u00e4chstes Ziel sein k\u00f6nnte und st\u00f6berte im Hafenhandbuch. Die d\u00e4nischen H\u00e4fen waren entweder zu nah oder zu weit weg, um danach auch noch nach Hause zu kommen. So viel meine Wahl auf Fehmarn. Schlie\u00dflich begann dort alles. Ich legte mich also auf Burgtiefe fest und warf die Leinen los. Es war schon 11 Uhr und ich musste mich beeilen, um noch bei Tageslicht dort einlaufen zu k\u00f6nnen. Die Windprognosen standen aber nicht schlecht. Gleich nach der Abfahrt frischte es auch auf und eine sch\u00f6ne Welle stand vor der Hafeneinfahrt. Der Wind kam aus Wests\u00fcdwest und die Nadir l\u00e4uft nicht genug H\u00f6he, so dass ich den direkten Kurs nicht anlegen konnte. Zwischen den gro\u00dfen Windm\u00fchlen wollte ich auch nicht herumsegeln, so dass ich erst einmal Kurs S\u00fcd nehmen musste. Es war kein ruhiger Kurs und ich schon ganz sch\u00f6n Lage. Dadurch kam ich erst am fr\u00fchen Nachmittag zu meinem Fr\u00fchst\u00fcck. Die meiste Zeit war sch\u00f6nes Segelwetter und die Sonne schien. Erst zum Abend hin verdunkelte sich der Himmel und eine gro\u00dfe Gewitterfront zug \u00fcber mich hinweg. Es go\u00df in Str\u00f6men und die B\u00f6en erreichten Bf6. Der Wind drehte sich st\u00e4ndig im Kreis. Ich nahm die Segel herunter und lie\u00df mich ein paar Meilen vom Yanmar und dem Autopiloten chauffieren. So konnte ich auch mein zwischenzeitlich zubereitetes Chili Con Carne gen\u00fc\u00dflich verschlingen. Der Tag war Erholung und Spannung zugleich.<\/p>\n<p><img loading=\"lazy\" decoding=\"async\" class=\"alignnone size-full wp-image-698\" src=\"http:\/\/www.vesab.de\/wpvesab\/wp-content\/uploads\/wassersport_segeln_toern48_18k.jpg\" alt=\"wassersport_segeln_toern48_18k\" width=\"400\" height=\"267\" srcset=\"https:\/\/www.vesab.de\/wpvesab\/wp-content\/uploads\/wassersport_segeln_toern48_18k.jpg 400w, https:\/\/www.vesab.de\/wpvesab\/wp-content\/uploads\/wassersport_segeln_toern48_18k-300x200.jpg 300w\" sizes=\"auto, (max-width: 400px) 100vw, 400px\" \/><\/p>\n<p>das Flach vor Gedser<\/p>\n<p><img loading=\"lazy\" decoding=\"async\" class=\"alignnone size-full wp-image-699\" src=\"http:\/\/www.vesab.de\/wpvesab\/wp-content\/uploads\/wassersport_segeln_toern48_19k.jpg\" alt=\"wassersport_segeln_toern48_19k\" width=\"400\" height=\"267\" srcset=\"https:\/\/www.vesab.de\/wpvesab\/wp-content\/uploads\/wassersport_segeln_toern48_19k.jpg 400w, https:\/\/www.vesab.de\/wpvesab\/wp-content\/uploads\/wassersport_segeln_toern48_19k-300x200.jpg 300w\" sizes=\"auto, (max-width: 400px) 100vw, 400px\" \/><\/p>\n<p>viel Platz war vor dem dicken Pott nicht<\/p>\n<p><img loading=\"lazy\" decoding=\"async\" class=\"alignnone size-full wp-image-700\" src=\"http:\/\/www.vesab.de\/wpvesab\/wp-content\/uploads\/wassersport_segeln_toern48_20k.jpg\" alt=\"wassersport_segeln_toern48_20k\" width=\"400\" height=\"267\" srcset=\"https:\/\/www.vesab.de\/wpvesab\/wp-content\/uploads\/wassersport_segeln_toern48_20k.jpg 400w, https:\/\/www.vesab.de\/wpvesab\/wp-content\/uploads\/wassersport_segeln_toern48_20k-300x200.jpg 300w\" sizes=\"auto, (max-width: 400px) 100vw, 400px\" \/><\/p>\n<p>ganz sch\u00f6n was los<\/p>\n<p><img loading=\"lazy\" decoding=\"async\" class=\"alignnone size-full wp-image-701\" src=\"http:\/\/www.vesab.de\/wpvesab\/wp-content\/uploads\/wassersport_segeln_toern48_21k.jpg\" alt=\"wassersport_segeln_toern48_21k\" width=\"400\" height=\"267\" srcset=\"https:\/\/www.vesab.de\/wpvesab\/wp-content\/uploads\/wassersport_segeln_toern48_21k.jpg 400w, https:\/\/www.vesab.de\/wpvesab\/wp-content\/uploads\/wassersport_segeln_toern48_21k-300x200.jpg 300w\" sizes=\"auto, (max-width: 400px) 100vw, 400px\" \/><\/p>\n<p>lesen und kochen war angesagt<\/p>\n<p><img loading=\"lazy\" decoding=\"async\" class=\"alignnone size-full wp-image-702\" src=\"http:\/\/www.vesab.de\/wpvesab\/wp-content\/uploads\/wassersport_segeln_toern48_22k.jpg\" alt=\"wassersport_segeln_toern48_22k\" width=\"400\" height=\"262\" srcset=\"https:\/\/www.vesab.de\/wpvesab\/wp-content\/uploads\/wassersport_segeln_toern48_22k.jpg 400w, https:\/\/www.vesab.de\/wpvesab\/wp-content\/uploads\/wassersport_segeln_toern48_22k-300x196.jpg 300w\" sizes=\"auto, (max-width: 400px) 100vw, 400px\" \/><\/p>\n<p>den Topf lieber noch gesichert<\/p>\n<p><img loading=\"lazy\" decoding=\"async\" class=\"alignnone size-full wp-image-703\" src=\"http:\/\/www.vesab.de\/wpvesab\/wp-content\/uploads\/wassersport_segeln_toern48_23k.jpg\" alt=\"wassersport_segeln_toern48_23k\" width=\"400\" height=\"267\" srcset=\"https:\/\/www.vesab.de\/wpvesab\/wp-content\/uploads\/wassersport_segeln_toern48_23k.jpg 400w, https:\/\/www.vesab.de\/wpvesab\/wp-content\/uploads\/wassersport_segeln_toern48_23k-300x200.jpg 300w\" sizes=\"auto, (max-width: 400px) 100vw, 400px\" \/><\/p>\n<p>die Tropfen schlugen regelrecht ein<\/p>\n<p>&nbsp;<\/p>\n<p>Nach der gro\u00dfen Husche kam auch schon Burgtiefe in Sicht und ein sch\u00f6ner Sonnenuntergang war die Belohnung des Tages (neben dem Sundowner im Hafen ;). Ein freundlicher Segler nahm meine Leine im Hafen entgegen und der Tag klang ruhig im Cockpit bei einem Wodka-Lemon aus. Hatte ich mir verdient&#8230;<\/p>\n<p><img loading=\"lazy\" decoding=\"async\" class=\"alignnone size-full wp-image-704\" src=\"http:\/\/www.vesab.de\/wpvesab\/wp-content\/uploads\/wassersport_segeln_toern48_24.jpg\" alt=\"wassersport_segeln_toern48_24\" width=\"600\" height=\"400\" srcset=\"https:\/\/www.vesab.de\/wpvesab\/wp-content\/uploads\/wassersport_segeln_toern48_24.jpg 600w, https:\/\/www.vesab.de\/wpvesab\/wp-content\/uploads\/wassersport_segeln_toern48_24-300x200.jpg 300w\" sizes=\"auto, (max-width: 600px) 100vw, 600px\" \/><\/p>\n<p>&nbsp;<\/p>\n<h3>Fehmarn &#8211; Rostock<\/h3>\n<p>Frische Br\u00f6tchen, ein guten Morgen beim Hafenmeister, frisch geduscht &#8211; der Tag begann gut. Nur mein Wasserfilter machte Spirenzchen. Die kleine Dichtung unter der Schraube war undicht. Nat\u00fcrlich gab es nur ganze Deckel und nicht einzelne Dichtungen zu kaufen. Fr\u00fchst\u00fccken wollte ich auf See, denn es war mittlerweile schon halb elf und die Strecke nach Rostock in den Stadthafen betrug 40 Meilen.<\/p>\n<p><img loading=\"lazy\" decoding=\"async\" class=\"alignnone size-full wp-image-705\" src=\"http:\/\/www.vesab.de\/wpvesab\/wp-content\/uploads\/wassersport_segeln_toern48_25.jpg\" alt=\"wassersport_segeln_toern48_25\" width=\"600\" height=\"400\" srcset=\"https:\/\/www.vesab.de\/wpvesab\/wp-content\/uploads\/wassersport_segeln_toern48_25.jpg 600w, https:\/\/www.vesab.de\/wpvesab\/wp-content\/uploads\/wassersport_segeln_toern48_25-300x200.jpg 300w\" sizes=\"auto, (max-width: 600px) 100vw, 600px\" \/><\/p>\n<p>Der Tag sollte spannend werden und das zeigte sich schon bei Hafenausfahrt. Der Winde frischte auf (Bf5) und ich konnte direkten Kurs auf Rostock anlegen. Bei der Lage kippte nur leider immer die Marmelade vom Tisch und der Kaffee schwappte auch einige Male durch die Gegend. Irgendwann merkte ich dann, dass meine Windsteueranlage m\u00e4chtig auf die Pinne dr\u00fcckte und st\u00e4ndig am Anschlag hantierte. ich hatte also zuviel Ruderdruck und sollte Segelfl\u00e4che herunter nehmen. Ich nahm jedoch erst einmal die Pinne in die Hand und merkte dann, dass es zu sp\u00e4t war. Die Nadir schoss in den Wind, das Ruder zeigte keine Wirkung mehr. Ich band ein Reff ins Gro\u00df aber die Situation wurde nicht merklich besser. Die B\u00f6en (Bf6) konnte die Anlage bei der gesetzten Genua nicht aussteuern. Leider hat meine Genua keine Reffm\u00f6glichkeit, so dass ich sie herunter nehmen musste. Ich kramte meine Sturmfock heraus (ein l\u00e4cherlich kleines Ding) und baumte sie einfach aus, denn der Wind hatte zwischenzeitlich gedreht. Die Ursache &#8211; eine sch\u00f6ne Gewitterfront &#8211; war auch schon lange zu sehen. Nur mit Sturmfock und gerefftem Gro\u00df verlor ich kaum an Geschwindigkeit und lief immer noch 5,5 Knoten (sonst ist bei 6 Knoten auch Schluss). Die Windsteueranlage kam nun gut zurecht und ich konnte endlich weiter fr\u00fchst\u00fccken (soweit dass bei dem Rollen dann noch ging). Die Front brachte viel Regen und das auch noch von hinten. Ich verbarrikadierte mich hinter dem Steckschott und hatte meine Wetterklamotten tief ins Gesicht gezogen. Nach einer Stunde war der Spuk vorbei und ich konnte wieder mehr auftuchen.<\/p>\n<p><img loading=\"lazy\" decoding=\"async\" class=\"alignnone size-full wp-image-706\" src=\"http:\/\/www.vesab.de\/wpvesab\/wp-content\/uploads\/wassersport_segeln_toern48_26.jpg\" alt=\"wassersport_segeln_toern48_26\" width=\"600\" height=\"400\" srcset=\"https:\/\/www.vesab.de\/wpvesab\/wp-content\/uploads\/wassersport_segeln_toern48_26.jpg 600w, https:\/\/www.vesab.de\/wpvesab\/wp-content\/uploads\/wassersport_segeln_toern48_26-300x200.jpg 300w\" sizes=\"auto, (max-width: 600px) 100vw, 600px\" \/><\/p>\n<p>Im Hafen wollte ich meine Flaggenleine neu einf\u00e4deln, hatte es aber vergessen. Jetzt bei sch\u00f6nem Sonnenschein, wenig Verkehr und gleichm\u00e4\u00dfigem Wind war eine gute Gelegenheit, sie hoch zu bringen. Ich kn\u00fcpfte meine SKT-Ausr\u00fcstung in den Mast und stieg auf. Die Schaukelei da oben ist schon betr\u00e4chtlich, macht aber Spa\u00df. Mit der SKT-Ausr\u00fcstung bin ich auch innerhalb von Sekunden wieder unten, so dass kein Problem entstehen kann. Ich f\u00e4delte die Flaggenleine ein und hab noch einen kleinen Filmschnipsel belichtet.<\/p>\n<p><img loading=\"lazy\" decoding=\"async\" class=\"alignnone size-full wp-image-708\" src=\"http:\/\/www.vesab.de\/wpvesab\/wp-content\/uploads\/wassersport_segeln_toern48_28.jpg\" alt=\"wassersport_segeln_toern48_28\" width=\"400\" height=\"533\" srcset=\"https:\/\/www.vesab.de\/wpvesab\/wp-content\/uploads\/wassersport_segeln_toern48_28.jpg 400w, https:\/\/www.vesab.de\/wpvesab\/wp-content\/uploads\/wassersport_segeln_toern48_28-225x300.jpg 225w\" sizes=\"auto, (max-width: 400px) 100vw, 400px\" \/><\/p>\n<p>&nbsp;<\/p>\n<p><img loading=\"lazy\" decoding=\"async\" class=\"alignnone size-full wp-image-707\" src=\"http:\/\/www.vesab.de\/wpvesab\/wp-content\/uploads\/wassersport_segeln_toern48_27k.jpg\" alt=\"wassersport_segeln_toern48_27k\" width=\"400\" height=\"267\" srcset=\"https:\/\/www.vesab.de\/wpvesab\/wp-content\/uploads\/wassersport_segeln_toern48_27k.jpg 400w, https:\/\/www.vesab.de\/wpvesab\/wp-content\/uploads\/wassersport_segeln_toern48_27k-300x200.jpg 300w\" sizes=\"auto, (max-width: 400px) 100vw, 400px\" \/><\/p>\n<p>z\u00fcgig geht&#8217;s voran<\/p>\n<p><img loading=\"lazy\" decoding=\"async\" class=\"alignnone size-full wp-image-709\" src=\"http:\/\/www.vesab.de\/wpvesab\/wp-content\/uploads\/wassersport_segeln_toern48_29k.jpg\" alt=\"wassersport_segeln_toern48_29k\" width=\"400\" height=\"267\" srcset=\"https:\/\/www.vesab.de\/wpvesab\/wp-content\/uploads\/wassersport_segeln_toern48_29k.jpg 400w, https:\/\/www.vesab.de\/wpvesab\/wp-content\/uploads\/wassersport_segeln_toern48_29k-300x200.jpg 300w\" sizes=\"auto, (max-width: 400px) 100vw, 400px\" \/><\/p>\n<p>an der Saling<\/p>\n<p><img loading=\"lazy\" decoding=\"async\" class=\"alignnone size-full wp-image-710\" src=\"http:\/\/www.vesab.de\/wpvesab\/wp-content\/uploads\/wassersport_segeln_toern48_30k.jpg\" alt=\"wassersport_segeln_toern48_30k\" width=\"400\" height=\"267\" srcset=\"https:\/\/www.vesab.de\/wpvesab\/wp-content\/uploads\/wassersport_segeln_toern48_30k.jpg 400w, https:\/\/www.vesab.de\/wpvesab\/wp-content\/uploads\/wassersport_segeln_toern48_30k-300x200.jpg 300w\" sizes=\"auto, (max-width: 400px) 100vw, 400px\" \/><\/p>\n<p>die Windpilot h\u00e4lt den Kurs<\/p>\n<p><img loading=\"lazy\" decoding=\"async\" class=\"alignnone size-full wp-image-713\" src=\"http:\/\/www.vesab.de\/wpvesab\/wp-content\/uploads\/wassersport_segeln_toern48_33k.jpg\" alt=\"wassersport_segeln_toern48_33k\" width=\"400\" height=\"267\" srcset=\"https:\/\/www.vesab.de\/wpvesab\/wp-content\/uploads\/wassersport_segeln_toern48_33k.jpg 400w, https:\/\/www.vesab.de\/wpvesab\/wp-content\/uploads\/wassersport_segeln_toern48_33k-300x200.jpg 300w\" sizes=\"auto, (max-width: 400px) 100vw, 400px\" \/><\/p>\n<p>schlanke Linie<\/p>\n<p><img loading=\"lazy\" decoding=\"async\" class=\"alignnone size-full wp-image-711\" src=\"http:\/\/www.vesab.de\/wpvesab\/wp-content\/uploads\/wassersport_segeln_toern48_31k.jpg\" alt=\"wassersport_segeln_toern48_31k\" width=\"400\" height=\"267\" srcset=\"https:\/\/www.vesab.de\/wpvesab\/wp-content\/uploads\/wassersport_segeln_toern48_31k.jpg 400w, https:\/\/www.vesab.de\/wpvesab\/wp-content\/uploads\/wassersport_segeln_toern48_31k-300x200.jpg 300w\" sizes=\"auto, (max-width: 400px) 100vw, 400px\" \/><\/p>\n<p>selbst mit Sturmfock schnell genug<\/p>\n<p><img loading=\"lazy\" decoding=\"async\" class=\"alignnone size-full wp-image-712\" src=\"http:\/\/www.vesab.de\/wpvesab\/wp-content\/uploads\/wassersport_segeln_toern48_32k.jpg\" alt=\"wassersport_segeln_toern48_32k\" width=\"400\" height=\"267\" srcset=\"https:\/\/www.vesab.de\/wpvesab\/wp-content\/uploads\/wassersport_segeln_toern48_32k.jpg 400w, https:\/\/www.vesab.de\/wpvesab\/wp-content\/uploads\/wassersport_segeln_toern48_32k-300x200.jpg 300w\" sizes=\"auto, (max-width: 400px) 100vw, 400px\" \/><\/p>\n<p>immer wieder Regen<\/p>\n<p>&nbsp;<\/p>\n<p><img loading=\"lazy\" decoding=\"async\" class=\"alignnone size-full wp-image-714\" src=\"http:\/\/www.vesab.de\/wpvesab\/wp-content\/uploads\/wassersport_segeln_toern48_34.jpg\" alt=\"wassersport_segeln_toern48_34\" width=\"600\" height=\"400\" srcset=\"https:\/\/www.vesab.de\/wpvesab\/wp-content\/uploads\/wassersport_segeln_toern48_34.jpg 600w, https:\/\/www.vesab.de\/wpvesab\/wp-content\/uploads\/wassersport_segeln_toern48_34-300x200.jpg 300w\" sizes=\"auto, (max-width: 600px) 100vw, 600px\" \/><\/p>\n<p>Die durchziehenden Fronten r\u00fcttelten ab und an heftig am Boot und deckten mich mit Schauern ein. Insgesamt war es ein spannendes Segeln. P\u00fcnktlich gegen 20 Uhr lief ich in den Stadthafen ein. 48 Stunden nach dem Start meines T\u00f6rns hatte ich 120 Meilen im Kielwasser gelassen, eine Nachtfahrt erlebt, genug Wind und Wellen gehabt und zwei H\u00e4fen angelaufen. Genau so hatte ich es mir vorgestellt.<\/p>\n<p><img loading=\"lazy\" decoding=\"async\" class=\"alignnone size-full wp-image-715\" src=\"http:\/\/www.vesab.de\/wpvesab\/wp-content\/uploads\/wassersport_segeln_toern48_35.jpg\" alt=\"wassersport_segeln_toern48_35\" width=\"600\" height=\"400\" srcset=\"https:\/\/www.vesab.de\/wpvesab\/wp-content\/uploads\/wassersport_segeln_toern48_35.jpg 600w, https:\/\/www.vesab.de\/wpvesab\/wp-content\/uploads\/wassersport_segeln_toern48_35-300x200.jpg 300w\" sizes=\"auto, (max-width: 600px) 100vw, 600px\" \/><\/p>\n<p>Ich w\u00fcnsche allen Skippern immer eine handbreit Wasser unter dem Kiel!<\/p>\n<p>&nbsp;<\/p>\n","protected":false},"excerpt":{"rendered":"<p>alte Version:\u00a0V 1.3 vom 14.07.09 letzter Update 17.07.09 \u00a92009 Ostsee-T\u00f6rn 2009 &nbsp; Endlich Segeln! Hurra &#8211; endlich 3 Tage frei! Bei meinem letzten geplanten T\u00f6rn passierte Folgendes: 6:00 Uhr Aufstehen, packen, 7:00 Uhr Boot&#46;&#46;&#46;<\/p>\n","protected":false},"author":2,"featured_media":713,"comment_status":"open","ping_status":"open","sticky":false,"template":"","format":"standard","meta":{"footnotes":""},"categories":[107,38,3,37],"tags":[109,110,12,52,108,54,51],"class_list":["post-716","post","type-post","status-publish","format-standard","has-post-thumbnail","hentry","category-reisen-2","category-segeln","category-storys","category-wassersport","tag-fehmarn","tag-gedser","tag-rostock","tag-segeln-2","tag-segeltoern","tag-stahlyacht","tag-wibo-930"],"_links":{"self":[{"href":"https:\/\/www.vesab.de\/wpvesab\/wp-json\/wp\/v2\/posts\/716","targetHints":{"allow":["GET"]}}],"collection":[{"href":"https:\/\/www.vesab.de\/wpvesab\/wp-json\/wp\/v2\/posts"}],"about":[{"href":"https:\/\/www.vesab.de\/wpvesab\/wp-json\/wp\/v2\/types\/post"}],"author":[{"embeddable":true,"href":"https:\/\/www.vesab.de\/wpvesab\/wp-json\/wp\/v2\/users\/2"}],"replies":[{"embeddable":true,"href":"https:\/\/www.vesab.de\/wpvesab\/wp-json\/wp\/v2\/comments?post=716"}],"version-history":[{"count":1,"href":"https:\/\/www.vesab.de\/wpvesab\/wp-json\/wp\/v2\/posts\/716\/revisions"}],"predecessor-version":[{"id":10459,"href":"https:\/\/www.vesab.de\/wpvesab\/wp-json\/wp\/v2\/posts\/716\/revisions\/10459"}],"wp:featuredmedia":[{"embeddable":true,"href":"https:\/\/www.vesab.de\/wpvesab\/wp-json\/wp\/v2\/media\/713"}],"wp:attachment":[{"href":"https:\/\/www.vesab.de\/wpvesab\/wp-json\/wp\/v2\/media?parent=716"}],"wp:term":[{"taxonomy":"category","embeddable":true,"href":"https:\/\/www.vesab.de\/wpvesab\/wp-json\/wp\/v2\/categories?post=716"},{"taxonomy":"post_tag","embeddable":true,"href":"https:\/\/www.vesab.de\/wpvesab\/wp-json\/wp\/v2\/tags?post=716"}],"curies":[{"name":"wp","href":"https:\/\/api.w.org\/{rel}","templated":true}]}}