{"id":7383,"date":"2018-04-16T22:33:18","date_gmt":"2018-04-16T20:33:18","guid":{"rendered":"http:\/\/www.vesab.de\/wpvesab\/?p=7383"},"modified":"2018-06-06T23:49:41","modified_gmt":"2018-06-06T21:49:41","slug":"sony_a7r3-2","status":"publish","type":"post","link":"https:\/\/www.vesab.de\/wpvesab\/fotografie\/sony_a7r3-2-7383\/","title":{"rendered":"Sony FE 2.8\/16-35 GM"},"content":{"rendered":"<h3>Weitwinkel mit Biss &#8211; das\u00a0SEL1635GM<\/h3>\n<h3><img loading=\"lazy\" decoding=\"async\" class=\"alignnone size-full wp-image-7362\" src=\"http:\/\/www.vesab.de\/wpvesab\/wp-content\/uploads\/kameras_sony_a7r3_04.jpg\" alt=\"\" width=\"1000\" height=\"667\" srcset=\"https:\/\/www.vesab.de\/wpvesab\/wp-content\/uploads\/kameras_sony_a7r3_04.jpg 1000w, https:\/\/www.vesab.de\/wpvesab\/wp-content\/uploads\/kameras_sony_a7r3_04-300x200.jpg 300w, https:\/\/www.vesab.de\/wpvesab\/wp-content\/uploads\/kameras_sony_a7r3_04-768x512.jpg 768w\" sizes=\"auto, (max-width: 1000px) 100vw, 1000px\" \/><\/h3>\n<p>Sony FE 2.8\/16-35 GM<\/p>\n<p>&nbsp;<\/p>\n<h3>Das Standardzoom im Weitwinkelbereich f\u00fcr Sony-Kameras<\/h3>\n<p>Mittlerweile fotografiere ich ja mit der <a href=\"http:\/\/www.vesab.de\/wpvesab\/fotografie\/sony_a7r3-7357\/\" rel=\"noopener\">Sony A7R3<\/a> und diese Kamera ben\u00f6tigt auch entsprechende Objektive. Sie m\u00fcssen hochaufl\u00f6send sein, damit die 42 Megapixel auch wirklich zur Geltung kommen. Sony hat noch nicht den Objektivpark von Canon oder Nikon, was in erster Linie als Nachteil ins Auge springt, aber in zweiter Instanz ein Vorteil ist. Alle Sony-Objektive sind neu gerechnet und auf hohe Aufl\u00f6sung optimiert, wenn sie aus dem professionellen Lager kommen. Ich habe geschwankt zwischen dem <a href=\"https:\/\/www.amazon.de\/gp\/product\/B071LJZKJL\/ref=as_li_tl?ie=UTF8&amp;camp=1638&amp;creative=6742&amp;creativeASIN=B071LJZKJL&amp;linkCode=as2&amp;tag=verlagsadewas-21&amp;linkId=b2c62175dd5b7903010c0045a608058e\" target=\"_blank\" rel=\"noopener\">Sony SEL-1635GM G Master<\/a>\u00a0mit Blende 2.8 und dem <a href=\"https:\/\/www.amazon.de\/gp\/product\/B00NVA7J1Y\/ref=as_li_tl?ie=UTF8&amp;camp=1638&amp;creative=6742&amp;creativeASIN=B00NVA7J1Y&amp;linkCode=as2&amp;tag=verlagsadewas-21&amp;linkId=4819474b3caa38ea9c721ea6e9668e5c\" target=\"_blank\" rel=\"noopener\">Sony SEL1635Z<\/a>\u00a0mit Blende 4. Also habe ich zur Alpha erste einmal das F4 bei Calumet ausgeliehen und eine Woche ausgiebig getestet. Danach kam das F2.8 an die Kamera.<\/p>\n<p>&nbsp;<\/p>\n<p><a href=\"http:\/\/www.vesab.de\/wpvesab\/wp-content\/uploads\/objektiv_sony_2.8_16-35_03.jpg\" target=\"_blank\" rel=\"noopener\"><img loading=\"lazy\" decoding=\"async\" class=\"alignnone wp-image-7391 size-full\" src=\"http:\/\/www.vesab.de\/wpvesab\/wp-content\/uploads\/objektiv_sony_2.8_16-35_03.jpg\" alt=\"\" width=\"1000\" height=\"667\" srcset=\"https:\/\/www.vesab.de\/wpvesab\/wp-content\/uploads\/objektiv_sony_2.8_16-35_03.jpg 1000w, https:\/\/www.vesab.de\/wpvesab\/wp-content\/uploads\/objektiv_sony_2.8_16-35_03-300x200.jpg 300w, https:\/\/www.vesab.de\/wpvesab\/wp-content\/uploads\/objektiv_sony_2.8_16-35_03-768x512.jpg 768w\" sizes=\"auto, (max-width: 1000px) 100vw, 1000px\" \/><\/a><\/p>\n<p>Sony A7R3 mit Sony 2.8\/16-35<\/p>\n<p>&nbsp;<\/p>\n<p><em>Hinweis:<\/em><\/p>\n<p>In diesem Beitrag werden interne und externe Links verwendet. Interne Links f\u00fchren auf meine eigene Website und sind nicht n\u00e4her gekennzeichnet. Externe Links zu Amazon sind mit einem zus\u00e4tzliche Hinweis gekennzeichnet. Wer Produkte \u00fcber diese Links bei Amazon erwirbt zahlt nicht mehr aber ein kleiner Teil des Erl\u00f6ses kommt mir zugute. Vielen Dank f\u00fcr die Nutzung!<\/p>\n<p>&nbsp;<\/p>\n<p>Das F4 ist ok und f\u00fcr die meisten Situationen v\u00f6llig ausreichend, entsprechend scharf und auch noch sch\u00f6n klein. Nur eine einzige Sache st\u00f6rt: die Blende F4. Wer mehr mit der Freistellung experimentieren will, ben\u00f6tigt einfach eine gr\u00f6\u00dfere \u00d6ffnung &#8211; Physik l\u00e4sst sich nunmal nicht austricksen. Dazu kommt, dass die Qualit\u00e4t des 2.8 noch einmal deutlich h\u00f6her liegt, als bei dem F4. Entsprechende Tests findet der geneigte Leser im Netz.<\/p>\n<p>&nbsp;<\/p>\n<p><img loading=\"lazy\" decoding=\"async\" class=\"alignnone size-full wp-image-7363\" src=\"http:\/\/www.vesab.de\/wpvesab\/wp-content\/uploads\/kameras_sony_a7r3_05.jpg\" alt=\"\" width=\"1000\" height=\"667\" srcset=\"https:\/\/www.vesab.de\/wpvesab\/wp-content\/uploads\/kameras_sony_a7r3_05.jpg 1000w, https:\/\/www.vesab.de\/wpvesab\/wp-content\/uploads\/kameras_sony_a7r3_05-300x200.jpg 300w, https:\/\/www.vesab.de\/wpvesab\/wp-content\/uploads\/kameras_sony_a7r3_05-768x512.jpg 768w\" sizes=\"auto, (max-width: 1000px) 100vw, 1000px\" \/><\/p>\n<p>Sony FE 2.8\/16-35 GM an der A7R3<\/p>\n<p>&nbsp;<\/p>\n<p>Das F2.8 ist zwar etwas gr\u00f6\u00dfer und schwerer als das F4 und macht die Sony etwas kopflastig aber diesen Nachteil habe ich in Kauf genommen. Wenn das F4 an der Kamera ist, tr\u00e4gt sich diese deutlich besser und das F4 ist wie gemacht f\u00fcr die A7. Es f\u00e4hrt schon deutlich aus, aber dies muss man akzeptieren &#8211; ich mag lieber Objektive, die innen die Brennweiten\u00e4nderung bewerkstelligen. Aber auch beim F2.8 \u00e4ndert sich die L\u00e4nge des Objektivs, wenn auch nur in einem geringen Ma\u00df. Die Qualit\u00e4t des Objektivs ist au\u00dferordentlich gut und dass bei der hohen Aufl\u00f6sung des Sensors der A7R3. Baulich ist es ebenfalls ohne Makel. Bisher hatte ich hochwertige Leica-, Canon- und Nikon-Objektive und das Sony reiht sich dort sehr gut ein. Es ist weit entfernt von einem Plastik-Look, was ich anfangs bef\u00fcrchtet hatte.<\/p>\n<p>&nbsp;<\/p>\n<p><img loading=\"lazy\" decoding=\"async\" class=\"alignnone size-full wp-image-7384\" src=\"http:\/\/www.vesab.de\/wpvesab\/wp-content\/uploads\/objektiv_sony_2.8_16-35_01.jpg\" alt=\"\" width=\"1000\" height=\"667\" srcset=\"https:\/\/www.vesab.de\/wpvesab\/wp-content\/uploads\/objektiv_sony_2.8_16-35_01.jpg 1000w, https:\/\/www.vesab.de\/wpvesab\/wp-content\/uploads\/objektiv_sony_2.8_16-35_01-300x200.jpg 300w, https:\/\/www.vesab.de\/wpvesab\/wp-content\/uploads\/objektiv_sony_2.8_16-35_01-768x512.jpg 768w\" sizes=\"auto, (max-width: 1000px) 100vw, 1000px\" \/><\/p>\n<p>die mitgelieferte Gegenlichtblende l\u00e4sst sich auch umgekehrt aufsetzen<\/p>\n<p>&nbsp;<\/p>\n<h3>Pro Sony FE 2.8\/16-35 GM<\/h3>\n<p>Hier die Punkte, die mich ma\u00dfgeblich zum Kauf bewogen haben:<\/p>\n<ul>\n<li>Blende 2.8<\/li>\n<li>hohe Qualit\u00e4t (GM)<\/li>\n<li>MF\/AF-Schalter<\/li>\n<li>programmierbarer Knopf<\/li>\n<\/ul>\n<p>&nbsp;<\/p>\n<p><img loading=\"lazy\" decoding=\"async\" class=\"alignnone size-full wp-image-7364\" src=\"http:\/\/www.vesab.de\/wpvesab\/wp-content\/uploads\/kameras_sony_a7r3_06.jpg\" alt=\"\" width=\"1000\" height=\"667\" srcset=\"https:\/\/www.vesab.de\/wpvesab\/wp-content\/uploads\/kameras_sony_a7r3_06.jpg 1000w, https:\/\/www.vesab.de\/wpvesab\/wp-content\/uploads\/kameras_sony_a7r3_06-300x200.jpg 300w, https:\/\/www.vesab.de\/wpvesab\/wp-content\/uploads\/kameras_sony_a7r3_06-768x512.jpg 768w\" sizes=\"auto, (max-width: 1000px) 100vw, 1000px\" \/><\/p>\n<p>Gr\u00f6\u00dfenverh\u00e4ltnis<\/p>\n<p>&nbsp;<\/p>\n<h3>Contra Sony\u00a0FE 2.8\/16-35 GM<\/h3>\n<p>Hier die Punkte, die nachteilig sind:<\/p>\n<ul>\n<li>Gewicht<\/li>\n<li>Volumen\/Baugr\u00f6\u00dfe<\/li>\n<li>sehr hoher Preis<\/li>\n<\/ul>\n<p>&nbsp;<\/p>\n<h3>Fazit aus dem Betrieb<\/h3>\n<p>Das Weitwinkelzoom ist mein Standardobjektiv und daher immer mit dabei. Es erf\u00fcllt alle meine Erwartungen und die Freistellung ist auch \u00e4u\u00dferst angenehm. Nat\u00fcrlich bringt die eine Blende mehr auch etwas mehr, wenn das Licht zur Neige geht. Ich habe Gl\u00fcck gehabt, dass die Kamera-Objektiv-Kombi noch in meine <a href=\"https:\/\/www.amazon.de\/gp\/product\/B074QV76D5\/ref=as_li_tl?ie=UTF8&amp;camp=1638&amp;creative=6742&amp;creativeASIN=B074QV76D5&amp;linkCode=as2&amp;tag=verlagsadewas-21&amp;linkId=3b1761609acc3c29ae5dc3d33eb51cfe&quot;&gt;Cosyspeed&lt;\/a&gt;&lt;img src=&quot;\/\/ir-de.amazon-adsystem.com\/e\/ir?t=verlagsadewas-21&amp;l=am2&amp;o=3&amp;a=B074QV76D5\" target=\"_blank\" rel=\"noopener\">Cosyspeed<\/a>-Tasche passt, leider nur, wenn man die Gegenlichtblende umgekehrt aufsetzt &#8211; aber besser, als wenn es nicht klappen w\u00fcrde. Weiter unten gibt es dazu ein Bild. Mit dem F4 w\u00fcrde sie auch mit richtig aufgesetzter Gegenlichtblende in die Tasche passen.<\/p>\n<p>Die Sch\u00e4rfe in den Randbereichen ist bei Blende 2.8 ok aber nicht \u00fcberragend. Das war bei dem 16-35\/4 ebenso &#8211; da nehmen sich beide Objektive nicht so viel. Bei Blende 4 ist das 2.8er etwas besser als das 4er &#8211; aber das kann man nur bei extremer Vergr\u00f6\u00dferung unterscheiden. Bei normalen Fotos mit normalem Betrachtungsabstand ist da nichts zu sehen.<\/p>\n<p>Den MF\/AF-Schalter m\u00f6chte ich nicht missen, denn der hat mir beim Filmen doch sehr gefehlt bei der 4er Version. Dass er dort nicht vorhanden ist, spricht nicht f\u00fcr Sony.<\/p>\n<p>&nbsp;<\/p>\n<p><a href=\"http:\/\/www.vesab.de\/wpvesab\/wp-content\/uploads\/objektiv_sony_2.8_16-35_hannover_01.jpg\" target=\"_blank\" rel=\"noopener\"><img loading=\"lazy\" decoding=\"async\" class=\"alignnone wp-image-7387 size-full\" src=\"http:\/\/www.vesab.de\/wpvesab\/wp-content\/uploads\/objektiv_sony_2.8_16-35_hannover_01.jpg\" alt=\"\" width=\"1200\" height=\"675\" srcset=\"https:\/\/www.vesab.de\/wpvesab\/wp-content\/uploads\/objektiv_sony_2.8_16-35_hannover_01.jpg 1200w, https:\/\/www.vesab.de\/wpvesab\/wp-content\/uploads\/objektiv_sony_2.8_16-35_hannover_01-300x169.jpg 300w, https:\/\/www.vesab.de\/wpvesab\/wp-content\/uploads\/objektiv_sony_2.8_16-35_hannover_01-768x432.jpg 768w, https:\/\/www.vesab.de\/wpvesab\/wp-content\/uploads\/objektiv_sony_2.8_16-35_hannover_01-1180x664.jpg 1180w\" sizes=\"auto, (max-width: 1200px) 100vw, 1200px\" \/><\/a><\/p>\n<p>Sony A7R3 mit\u00a0FE 2.8\/16-35 GM blaue Stunde<\/p>\n<p>&nbsp;<\/p>\n<p><a href=\"http:\/\/www.vesab.de\/wpvesab\/wp-content\/uploads\/kamera_sony_a7r3_bilder_02.jpg\" target=\"_blank\" rel=\"noopener\"><img loading=\"lazy\" decoding=\"async\" class=\"alignnone wp-image-7371 size-full\" src=\"http:\/\/www.vesab.de\/wpvesab\/wp-content\/uploads\/kamera_sony_a7r3_bilder_02.jpg\" alt=\"\" width=\"1000\" height=\"667\" srcset=\"https:\/\/www.vesab.de\/wpvesab\/wp-content\/uploads\/kamera_sony_a7r3_bilder_02.jpg 1000w, https:\/\/www.vesab.de\/wpvesab\/wp-content\/uploads\/kamera_sony_a7r3_bilder_02-300x200.jpg 300w, https:\/\/www.vesab.de\/wpvesab\/wp-content\/uploads\/kamera_sony_a7r3_bilder_02-768x512.jpg 768w\" sizes=\"auto, (max-width: 1000px) 100vw, 1000px\" \/><\/a><\/p>\n<p>Sony A7R3 mit Sony 2.8\/16-35<\/p>\n<p>&nbsp;<\/p>\n<p><a href=\"http:\/\/www.vesab.de\/wpvesab\/wp-content\/uploads\/objektiv_sony_2.8_16-35_02.jpg\" target=\"_blank\" rel=\"noopener\"><img loading=\"lazy\" decoding=\"async\" class=\"alignnone wp-image-7389 size-full\" src=\"http:\/\/www.vesab.de\/wpvesab\/wp-content\/uploads\/objektiv_sony_2.8_16-35_02.jpg\" alt=\"\" width=\"1000\" height=\"667\" srcset=\"https:\/\/www.vesab.de\/wpvesab\/wp-content\/uploads\/objektiv_sony_2.8_16-35_02.jpg 1000w, https:\/\/www.vesab.de\/wpvesab\/wp-content\/uploads\/objektiv_sony_2.8_16-35_02-300x200.jpg 300w, https:\/\/www.vesab.de\/wpvesab\/wp-content\/uploads\/objektiv_sony_2.8_16-35_02-768x512.jpg 768w\" sizes=\"auto, (max-width: 1000px) 100vw, 1000px\" \/><\/a><\/p>\n<p>Sony A7R3 mit Sony 2.8\/16-35<\/p>\n<p>&nbsp;<\/p>\n<p><img loading=\"lazy\" decoding=\"async\" class=\"alignnone size-full wp-image-7404\" src=\"http:\/\/www.vesab.de\/wpvesab\/wp-content\/uploads\/fotografie_tasche_cosyspeed_01.jpg\" alt=\"\" width=\"1000\" height=\"750\" srcset=\"https:\/\/www.vesab.de\/wpvesab\/wp-content\/uploads\/fotografie_tasche_cosyspeed_01.jpg 1000w, https:\/\/www.vesab.de\/wpvesab\/wp-content\/uploads\/fotografie_tasche_cosyspeed_01-300x225.jpg 300w, https:\/\/www.vesab.de\/wpvesab\/wp-content\/uploads\/fotografie_tasche_cosyspeed_01-768x576.jpg 768w\" sizes=\"auto, (max-width: 1000px) 100vw, 1000px\" \/><\/p>\n<p>Cosyspeed-G\u00fcrteltasche Camslinger<\/p>\n<p>&nbsp;<\/p>\n<p>Links zu Amazon auf dieser Seite:<\/p>\n<p><a href=\"https:\/\/www.amazon.de\/gp\/product\/B00NVA7J1Y\/ref=as_li_tl?ie=UTF8&amp;camp=1638&amp;creative=6742&amp;creativeASIN=B00NVA7J1Y&amp;linkCode=as2&amp;tag=verlagsadewas-21&amp;linkId=4819474b3caa38ea9c721ea6e9668e5c\" target=\"_blank\" rel=\"noopener\">Sony SEL1635Z<\/a>\u00a0Blende 4<\/p>\n<p><a href=\"https:\/\/www.amazon.de\/gp\/product\/B071LJZKJL\/ref=as_li_tl?ie=UTF8&amp;camp=1638&amp;creative=6742&amp;creativeASIN=B071LJZKJL&amp;linkCode=as2&amp;tag=verlagsadewas-21&amp;linkId=6865ad25758d8658473caf15fdcdc061\" target=\"_blank\" rel=\"noopener\">Sony SEL-1635GM G Master<\/a>\u00a0Blende 2.8<\/p>\n<p><a href=\"https:\/\/www.amazon.de\/gp\/product\/B074RF2VR6\/ref=as_li_tl?ie=UTF8&amp;camp=1638&amp;creative=6742&amp;creativeASIN=B074RF2VR6&amp;linkCode=as2&amp;tag=verlagsadewas-21&amp;linkId=9bd6d5ce53f48e29c285cb56b02fdd1e\" target=\"_blank\" rel=\"noopener\">Cosyspeed Camslinger Outdoor Kameratasche mit H\u00fcftg\u00fcrtel\u00a0<\/a><\/p>\n<p>&nbsp;<\/p>\n","protected":false},"excerpt":{"rendered":"<p>Weitwinkel mit Biss &#8211; das\u00a0SEL1635GM Sony FE 2.8\/16-35 GM &nbsp; Das Standardzoom im Weitwinkelbereich f\u00fcr Sony-Kameras Mittlerweile fotografiere ich ja mit der Sony A7R3 und diese Kamera ben\u00f6tigt auch entsprechende Objektive. Sie m\u00fcssen hochaufl\u00f6send&#46;&#46;&#46;<\/p>\n","protected":false},"author":2,"featured_media":7362,"comment_status":"open","ping_status":"open","sticky":false,"template":"","format":"standard","meta":{"footnotes":""},"categories":[43,36,945],"tags":[947,948,637,950,76,954,946,949,951,953,952],"class_list":["post-7383","post","type-post","status-publish","format-standard","has-post-thumbnail","hentry","category-fotografie_digital","category-fotografie","category-sony","tag-a7riii","tag-a7rm3","tag-fotografie_digital","tag-fe-2-8-16-35-gm","tag-fotografie-2","tag-sel1635gm","tag-sony-a7r3","tag-sony-alpha","tag-sony-objektiv","tag-weitwinkelobjektiv","tag-weitwinkelzoom"],"_links":{"self":[{"href":"https:\/\/www.vesab.de\/wpvesab\/wp-json\/wp\/v2\/posts\/7383","targetHints":{"allow":["GET"]}}],"collection":[{"href":"https:\/\/www.vesab.de\/wpvesab\/wp-json\/wp\/v2\/posts"}],"about":[{"href":"https:\/\/www.vesab.de\/wpvesab\/wp-json\/wp\/v2\/types\/post"}],"author":[{"embeddable":true,"href":"https:\/\/www.vesab.de\/wpvesab\/wp-json\/wp\/v2\/users\/2"}],"replies":[{"embeddable":true,"href":"https:\/\/www.vesab.de\/wpvesab\/wp-json\/wp\/v2\/comments?post=7383"}],"version-history":[{"count":0,"href":"https:\/\/www.vesab.de\/wpvesab\/wp-json\/wp\/v2\/posts\/7383\/revisions"}],"wp:featuredmedia":[{"embeddable":true,"href":"https:\/\/www.vesab.de\/wpvesab\/wp-json\/wp\/v2\/media\/7362"}],"wp:attachment":[{"href":"https:\/\/www.vesab.de\/wpvesab\/wp-json\/wp\/v2\/media?parent=7383"}],"wp:term":[{"taxonomy":"category","embeddable":true,"href":"https:\/\/www.vesab.de\/wpvesab\/wp-json\/wp\/v2\/categories?post=7383"},{"taxonomy":"post_tag","embeddable":true,"href":"https:\/\/www.vesab.de\/wpvesab\/wp-json\/wp\/v2\/tags?post=7383"}],"curies":[{"name":"wp","href":"https:\/\/api.w.org\/{rel}","templated":true}]}}