{"id":7457,"date":"2018-04-25T00:14:05","date_gmt":"2018-04-24T22:14:05","guid":{"rendered":"http:\/\/www.vesab.de\/wpvesab\/?p=7457"},"modified":"2018-08-17T09:39:12","modified_gmt":"2018-08-17T07:39:12","slug":"mtb_bionicon_evo","status":"publish","type":"post","link":"https:\/\/www.vesab.de\/wpvesab\/fahrzeuge\/mtb\/mtb_bionicon_evo-7457\/","title":{"rendered":"MTB Bionicon edison evo"},"content":{"rendered":"<h3>Fully mit Reserven und einem besonderen System<\/h3>\n<h3><img loading=\"lazy\" decoding=\"async\" class=\"alignnone size-full wp-image-7460\" src=\"http:\/\/www.vesab.de\/wpvesab\/wp-content\/uploads\/mtb_bionicon_evo_01.jpg\" alt=\"\" width=\"1200\" height=\"800\" srcset=\"https:\/\/www.vesab.de\/wpvesab\/wp-content\/uploads\/mtb_bionicon_evo_01.jpg 1200w, https:\/\/www.vesab.de\/wpvesab\/wp-content\/uploads\/mtb_bionicon_evo_01-300x200.jpg 300w, https:\/\/www.vesab.de\/wpvesab\/wp-content\/uploads\/mtb_bionicon_evo_01-768x512.jpg 768w, https:\/\/www.vesab.de\/wpvesab\/wp-content\/uploads\/mtb_bionicon_evo_01-1180x787.jpg 1180w\" sizes=\"auto, (max-width: 1200px) 100vw, 1200px\" \/><\/h3>\n<p>am Grevelingen in Holland<\/p>\n<p>&nbsp;<\/p>\n<h3><a name=\"Video\"><\/a> Video<\/h3>\n<p>Hier mein <a href=\"https:\/\/youtu.be\/A4K6TAJ5rrs\" target=\"_blank\" rel=\"noopener\">Video zum Bionicon<\/a>. Es ist mit dem richtigen Browser auch in 4K verf\u00fcgbar.<\/p>\n<p>&nbsp;<\/p>\n<p><a href=\"https:\/\/youtu.be\/A4K6TAJ5rrs\" target=\"_blank\" rel=\"noopener\"><img loading=\"lazy\" decoding=\"async\" class=\"alignnone wp-image-7922 size-full\" src=\"http:\/\/www.vesab.de\/wpvesab\/wp-content\/uploads\/01_MTB_V4-e1534490613373.jpg\" alt=\"\" width=\"800\" height=\"449\" \/><\/a><\/p>\n<p>Wenn euch das Video gef\u00e4llt, w\u00fcrde ich mich \u00fcber einen &#8222;Daumen hoch&#8220; freuen.<\/p>\n<p>&nbsp;<\/p>\n<h3>Ein Mountainbike f\u00fcr&#8217;s Grobe<\/h3>\n<p>Als Flachlandtiroler frage ich mich nat\u00fcrlich, ob man hier auf dem platten Land so ein Fully sinnvoll bewegen kann? Darauf gibt es zwei Antworten. Zum einen h\u00f6rt das Flachland auch irgendwo auf &#8211; meist an einem H\u00fcgel &#8211; und zum anderen ist es auch im Flachland nicht so einfach durch&#8217;s Gestr\u00fcpp zu kommen. Ich nehme das Rad oft mit auf die Reise &#8211; rein in den Bulli und auf geht&#8217;s. Am Zielort hab ich schon oft gestaunt, wie bergig es dann war &#8211; ok, nicht in Holland &#8211; denn auch im Harzvorland gibt es z.B. schon richtig gute bergige Trails. Aber auch in der Rostocker Schweiz kann man fast senkrecht den Berg runter &#8211; falls es erlaubt w\u00e4re und weit f\u00e4llt man dann nicht \ud83d\ude09<\/p>\n<p>Die vielen kleinen Endmor\u00e4nen ergeben in MeckPomm sehr sch\u00f6ne Reviere und das Rad f\u00fchlt sich dort auch in seinem Element. Downhill kann man vergessen, vor allem, wenn es eine l\u00e4ngere Abfahrt werden soll. Ich habe die meisten Adrenalinsch\u00fcbe schon abgearbeitet, so dass eine ruhigere Gangart v\u00f6llig ausreicht.<\/p>\n<p>&nbsp;<\/p>\n<p><img loading=\"lazy\" decoding=\"async\" class=\"alignnone size-full wp-image-7462\" src=\"http:\/\/www.vesab.de\/wpvesab\/wp-content\/uploads\/mtb_bionicon_evo_02.jpg\" alt=\"\" width=\"1200\" height=\"736\" srcset=\"https:\/\/www.vesab.de\/wpvesab\/wp-content\/uploads\/mtb_bionicon_evo_02.jpg 1200w, https:\/\/www.vesab.de\/wpvesab\/wp-content\/uploads\/mtb_bionicon_evo_02-300x184.jpg 300w, https:\/\/www.vesab.de\/wpvesab\/wp-content\/uploads\/mtb_bionicon_evo_02-768x471.jpg 768w, https:\/\/www.vesab.de\/wpvesab\/wp-content\/uploads\/mtb_bionicon_evo_02-1180x724.jpg 1180w\" sizes=\"auto, (max-width: 1200px) 100vw, 1200px\" \/><\/p>\n<p>nicht ganz in seinem Element<\/p>\n<p>&nbsp;<\/p>\n<p>Ich bin das Rad jetzt zwei Jahre gefahren und es hat mein Cube 100 AMS hpa von 2009 abgel\u00f6st. Mit dem Cube war ich auch zufrieden aber als ich das Bionicon gesehen habe &#8211; na ja, draufgesetzt und es hat sofort gepasst &#8211; das ist ja nicht immer so.<\/p>\n<p>&nbsp;<\/p>\n<p><img loading=\"lazy\" decoding=\"async\" class=\"alignnone size-full wp-image-7464\" src=\"http:\/\/www.vesab.de\/wpvesab\/wp-content\/uploads\/mtb_cube_ams100_01.jpg\" alt=\"\" width=\"1200\" height=\"802\" srcset=\"https:\/\/www.vesab.de\/wpvesab\/wp-content\/uploads\/mtb_cube_ams100_01.jpg 1200w, https:\/\/www.vesab.de\/wpvesab\/wp-content\/uploads\/mtb_cube_ams100_01-300x201.jpg 300w, https:\/\/www.vesab.de\/wpvesab\/wp-content\/uploads\/mtb_cube_ams100_01-768x513.jpg 768w, https:\/\/www.vesab.de\/wpvesab\/wp-content\/uploads\/mtb_cube_ams100_01-1180x789.jpg 1180w\" sizes=\"auto, (max-width: 1200px) 100vw, 1200px\" \/><\/p>\n<p>hier mein Cube AMS 100 hpa<\/p>\n<p>&nbsp;<\/p>\n<h3>Die Technik im Bionicon<\/h3>\n<p>Das Rad hat einige sch\u00f6ne Komponenten und eine Besonderheit:<\/p>\n<ul>\n<li>Bionicon Rahmen edison evo<\/li>\n<li>D\u00e4mpfer Magura TS RC 215 ergibt\u00a0<span style=\"letter-spacing: 0.05em;\">180 mm Federweg hinten<\/span><\/li>\n<li>Gabel X-Fusion Metric HLR\u00a0<span style=\"letter-spacing: 0.05em;\">180 mm Federweg<\/span><\/li>\n<li>R\u00e4der DT Swiss 27,5<\/li>\n<li>Schaltung SRAM X0 1&#215;11 G\u00e4nge<\/li>\n<li>Bremsen SRAM Guide RSC<\/li>\n<li>Sattelst\u00fctze Kind Shock Lev 150 mm<\/li>\n<li><span style=\"letter-spacing: 0.05em;\">Kettenf\u00fchrung B-Chain Guide<\/span><\/li>\n<li>Sattel Ergon SM30<\/li>\n<li>Pedale Vault Mg<\/li>\n<li>Kettenblatt B-Labs-Oval 36T<\/li>\n<\/ul>\n<p>&nbsp;<\/p>\n<p><img loading=\"lazy\" decoding=\"async\" class=\"alignnone wp-image-7471 size-full\" src=\"http:\/\/www.vesab.de\/wpvesab\/wp-content\/uploads\/mtb_bionicon_evo_04.jpg\" alt=\"\" width=\"1200\" height=\"675\" srcset=\"https:\/\/www.vesab.de\/wpvesab\/wp-content\/uploads\/mtb_bionicon_evo_04.jpg 1200w, https:\/\/www.vesab.de\/wpvesab\/wp-content\/uploads\/mtb_bionicon_evo_04-300x169.jpg 300w, https:\/\/www.vesab.de\/wpvesab\/wp-content\/uploads\/mtb_bionicon_evo_04-768x432.jpg 768w, https:\/\/www.vesab.de\/wpvesab\/wp-content\/uploads\/mtb_bionicon_evo_04-1180x664.jpg 1180w\" sizes=\"auto, (max-width: 1200px) 100vw, 1200px\" \/><\/p>\n<p>Sattelst\u00fctze Kind Shock Lev 150 mm<\/p>\n<p>&nbsp;<\/p>\n<p><img loading=\"lazy\" decoding=\"async\" class=\"alignnone size-full wp-image-7480\" src=\"http:\/\/www.vesab.de\/wpvesab\/wp-content\/uploads\/mtb_bionicon_evo_12.jpg\" alt=\"\" width=\"1200\" height=\"675\" srcset=\"https:\/\/www.vesab.de\/wpvesab\/wp-content\/uploads\/mtb_bionicon_evo_12.jpg 1200w, https:\/\/www.vesab.de\/wpvesab\/wp-content\/uploads\/mtb_bionicon_evo_12-300x169.jpg 300w, https:\/\/www.vesab.de\/wpvesab\/wp-content\/uploads\/mtb_bionicon_evo_12-768x432.jpg 768w, https:\/\/www.vesab.de\/wpvesab\/wp-content\/uploads\/mtb_bionicon_evo_12-1180x664.jpg 1180w\" sizes=\"auto, (max-width: 1200px) 100vw, 1200px\" \/><\/p>\n<p>Schaltung SRAM X0 1&#215;11 G\u00e4nge<\/p>\n<p>&nbsp;<\/p>\n<p><img loading=\"lazy\" decoding=\"async\" class=\"alignnone size-full wp-image-7477\" src=\"http:\/\/www.vesab.de\/wpvesab\/wp-content\/uploads\/mtb_bionicon_evo_09.jpg\" alt=\"\" width=\"1200\" height=\"675\" srcset=\"https:\/\/www.vesab.de\/wpvesab\/wp-content\/uploads\/mtb_bionicon_evo_09.jpg 1200w, https:\/\/www.vesab.de\/wpvesab\/wp-content\/uploads\/mtb_bionicon_evo_09-300x169.jpg 300w, https:\/\/www.vesab.de\/wpvesab\/wp-content\/uploads\/mtb_bionicon_evo_09-768x432.jpg 768w, https:\/\/www.vesab.de\/wpvesab\/wp-content\/uploads\/mtb_bionicon_evo_09-1180x664.jpg 1180w\" sizes=\"auto, (max-width: 1200px) 100vw, 1200px\" \/><\/p>\n<p>D\u00e4mpfer Magura TS RC 215<\/p>\n<p>&nbsp;<\/p>\n<p><img loading=\"lazy\" decoding=\"async\" class=\"alignnone size-full wp-image-7474\" src=\"http:\/\/www.vesab.de\/wpvesab\/wp-content\/uploads\/mtb_bionicon_evo_06.jpg\" alt=\"\" width=\"1200\" height=\"675\" srcset=\"https:\/\/www.vesab.de\/wpvesab\/wp-content\/uploads\/mtb_bionicon_evo_06.jpg 1200w, https:\/\/www.vesab.de\/wpvesab\/wp-content\/uploads\/mtb_bionicon_evo_06-300x169.jpg 300w, https:\/\/www.vesab.de\/wpvesab\/wp-content\/uploads\/mtb_bionicon_evo_06-768x432.jpg 768w, https:\/\/www.vesab.de\/wpvesab\/wp-content\/uploads\/mtb_bionicon_evo_06-1180x664.jpg 1180w\" sizes=\"auto, (max-width: 1200px) 100vw, 1200px\" \/><\/p>\n<p>das ovale\u00a0Kettenblatt B-Labs-Oval 36T<\/p>\n<p>&nbsp;<\/p>\n<p>&nbsp;<\/p>\n<h3>Fahrwerk BIONICON-System evo edison<\/h3>\n<p>Das Fahrwerk hat eine\u00a0Gabelabsenkung, Geometrie- und Hinterbau-Kinematikverstellung &#8222;on the fly&#8220;. Es basiert auf dem\u00a0BIONICON System mit Luftfedereinheit in der Gabel und ist ein\u00a0geschlossenes Pneumatiksystem mit 4 Kammern: 2x Positivkammer + 2x Negativkammer.<\/p>\n<p>Man dr\u00fcckt w\u00e4hrend der Fahrt auf einen Knopf am Lenker und kann somit die Geometrie verstellen. Geht es steil bergauf, wird der Knopf gedr\u00fcckt, das Gewicht auf die Gabel verlagert und diese um 80 mm abgesenkt &#8211; bitte nicht dabei bremsen! Die\u00a0Absenkung der Gabel ist stufenlos anpassbar &#8211;\u00a0erst komplett Absenken &#8211; dann durch kurzes Knopf dr\u00fccken die beste Position finden.<\/p>\n<pre>Uphill = Absenken - Downhill und gerade Strecke = voller Federweg an der Gabel<\/pre>\n<p>&nbsp;<\/p>\n<p><img loading=\"lazy\" decoding=\"async\" class=\"alignnone size-full wp-image-7482\" src=\"http:\/\/www.vesab.de\/wpvesab\/wp-content\/uploads\/mtb_bionicon_evo_14.jpg\" alt=\"\" width=\"1200\" height=\"675\" srcset=\"https:\/\/www.vesab.de\/wpvesab\/wp-content\/uploads\/mtb_bionicon_evo_14.jpg 1200w, https:\/\/www.vesab.de\/wpvesab\/wp-content\/uploads\/mtb_bionicon_evo_14-300x169.jpg 300w, https:\/\/www.vesab.de\/wpvesab\/wp-content\/uploads\/mtb_bionicon_evo_14-768x432.jpg 768w, https:\/\/www.vesab.de\/wpvesab\/wp-content\/uploads\/mtb_bionicon_evo_14-1180x664.jpg 1180w\" sizes=\"auto, (max-width: 1200px) 100vw, 1200px\" \/><\/p>\n<p>das Ventil zum Verteilen und zum Bef\u00fcllen der Gabel-Luftkammer (und B-Odo)<\/p>\n<p>&nbsp;<\/p>\n<h3>Fazit<\/h3>\n<p>Hier die Punkte, die mich ma\u00dfgeblich zum Kauf bewogen haben:<\/p>\n<ul>\n<li>hohe Qualit\u00e4t der Komponenten und des gesamten Rades<\/li>\n<li>&#8222;passt&#8220; hervorragend<\/li>\n<li>sieht gut aus<\/li>\n<\/ul>\n<p>&nbsp;<\/p>\n<p><img loading=\"lazy\" decoding=\"async\" class=\"alignnone size-full wp-image-7465\" src=\"http:\/\/www.vesab.de\/wpvesab\/wp-content\/uploads\/mtb_bionicon_evo_03.jpg\" alt=\"\" width=\"1199\" height=\"800\" srcset=\"https:\/\/www.vesab.de\/wpvesab\/wp-content\/uploads\/mtb_bionicon_evo_03.jpg 1199w, https:\/\/www.vesab.de\/wpvesab\/wp-content\/uploads\/mtb_bionicon_evo_03-300x200.jpg 300w, https:\/\/www.vesab.de\/wpvesab\/wp-content\/uploads\/mtb_bionicon_evo_03-768x512.jpg 768w, https:\/\/www.vesab.de\/wpvesab\/wp-content\/uploads\/mtb_bionicon_evo_03-1180x787.jpg 1180w\" sizes=\"auto, (max-width: 1199px) 100vw, 1199px\" \/><\/p>\n<p>in seinem Element<\/p>\n<p>&nbsp;<\/p>\n<p>Hier die Punkte, die nachteilig sind:<\/p>\n<ul>\n<li>hoher Wartungsaufwand<\/li>\n<li>hoher Preis<\/li>\n<li>teure Ersatzteile<\/li>\n<li>relativ gro\u00dfer Einarbeitungsaufwand<\/li>\n<\/ul>\n<p>&nbsp;<\/p>\n<p>W\u00fcrde ich das Rad wieder kaufen? Ja auf jeden Fall! Hab mich selten so gut an ein Fahrrad gew\u00f6hnt und komme mit dem Teil sehr gut zurecht. Trotz des Preises und des hohen Wartungsaufwandes bin ich sehr zufrieden mit dem Bionicon. Bei meinen Touren hat es bisher immer durchgehalten &#8211; ok, einmal musste ich zu einem Fahrradladen im Ausland, weil ich keine D\u00e4mpferpumpe dabei hatte.<\/p>\n<p>&nbsp;<\/p>\n<p>&nbsp;<\/p>\n<p>Hier ein weiteres Video \u00fcber eine <a href=\"https:\/\/youtu.be\/-hRJDfmSZgE\" target=\"_blank\" rel=\"noopener\">Tour entlang der M\u00fcritz<\/a>:<\/p>\n<p><a href=\"https:\/\/youtu.be\/-hRJDfmSZgE\" target=\"_blank\" rel=\"noopener\"><img loading=\"lazy\" decoding=\"async\" class=\"alignnone wp-image-7924 size-full\" src=\"http:\/\/www.vesab.de\/wpvesab\/wp-content\/uploads\/03_MTB_Waren_Roebel_V2-1-e1534491470723.jpg\" alt=\"\" width=\"800\" height=\"449\" \/><\/a><\/p>\n<p>Viel Spa\u00df mit euren R\u00e4dern!<\/p>\n<p>&nbsp;<\/p>\n<p>Bionicon: <a class=\"yt-simple-endpoint style-scope yt-formatted-string\" href=\"https:\/\/www.youtube.com\/redirect?q=https%3A%2F%2Fwww.bionicon.de%2F&amp;event=video_description&amp;v=gqFvxZdh9W8&amp;redir_token=0rQGj1hs4IGL3IOxL1ISxAZnFIx8MTUyNDY4ODI1MUAxNTI0NjAxODUx\">https:\/\/www.bionicon.de\/<\/a><\/p>\n<p>&nbsp;<\/p>\n<p>Affiliate Links:<\/p>\n<p>Zubeh\u00f6r, was im Video zu sehen ist:<\/p>\n<p>Die Kind Shock Sattelst\u00fctze: <a class=\"yt-simple-endpoint style-scope yt-formatted-string\" href=\"https:\/\/www.youtube.com\/redirect?q=https%3A%2F%2Famzn.to%2F2vEuwc0&amp;event=video_description&amp;v=gqFvxZdh9W8&amp;redir_token=0rQGj1hs4IGL3IOxL1ISxAZnFIx8MTUyNDY4ODI1MUAxNTI0NjAxODUx\">https:\/\/amzn.to\/2vEuwc0<\/a><\/p>\n<p>Die DMR-Pedale: <a class=\"yt-simple-endpoint style-scope yt-formatted-string\" href=\"https:\/\/www.youtube.com\/redirect?q=https%3A%2F%2Famzn.to%2F2vGMc6K&amp;event=video_description&amp;v=gqFvxZdh9W8&amp;redir_token=0rQGj1hs4IGL3IOxL1ISxAZnFIx8MTUyNDY4ODI1MUAxNTI0NjAxODUx\">https:\/\/amzn.to\/2vGMc6K<\/a><\/p>\n<p>Meine iPhone-Halterung am MTB: <a class=\"yt-simple-endpoint style-scope yt-formatted-string\" href=\"https:\/\/www.youtube.com\/redirect?q=https%3A%2F%2Famzn.to%2F2Fe1aAy&amp;event=video_description&amp;v=gqFvxZdh9W8&amp;redir_token=0rQGj1hs4IGL3IOxL1ISxAZnFIx8MTUyNDY4ODI1MUAxNTI0NjAxODUx\">https:\/\/amzn.to\/2Fe1aAy<\/a><\/p>\n<p>Die Lupine-Helmlampe: <a class=\"yt-simple-endpoint style-scope yt-formatted-string\" href=\"https:\/\/www.youtube.com\/redirect?q=https%3A%2F%2Famzn.to%2F2JkxyEb&amp;event=video_description&amp;v=gqFvxZdh9W8&amp;redir_token=0rQGj1hs4IGL3IOxL1ISxAZnFIx8MTUyNDY4ODI1MUAxNTI0NjAxODUx\">https:\/\/amzn.to\/2JkxyEb<\/a><\/p>\n<p>Die Cosyspeed-Fototasche: <a class=\"yt-simple-endpoint style-scope yt-formatted-string\" href=\"https:\/\/www.youtube.com\/redirect?q=https%3A%2F%2Famzn.to%2F2HYpPMH&amp;event=video_description&amp;v=gqFvxZdh9W8&amp;redir_token=0rQGj1hs4IGL3IOxL1ISxAZnFIx8MTUyNDY4ODI1MUAxNTI0NjAxODUx\">https:\/\/amzn.to\/2HYpPMH<\/a><\/p>\n<p>Mein Rucksack Deuter Attack: <a class=\"yt-simple-endpoint style-scope yt-formatted-string\" href=\"https:\/\/www.youtube.com\/redirect?q=https%3A%2F%2Famzn.to%2F2JqTo9c&amp;event=video_description&amp;v=gqFvxZdh9W8&amp;redir_token=0rQGj1hs4IGL3IOxL1ISxAZnFIx8MTUyNDY4ODI1MUAxNTI0NjAxODUx\">https:\/\/amzn.to\/2JqTo9c<\/a><\/p>\n<p>&nbsp;<\/p>\n<p>Aufnahmetechnik f\u00fcr das Video:<\/p>\n<p>Die verwendete Kamera &#8211; Sony A7RIII bei Amazon:<\/p>\n<p>Das verwendete Sony 2.8\/16-35: <a class=\"yt-simple-endpoint style-scope yt-formatted-string\" href=\"https:\/\/www.youtube.com\/redirect?q=https%3A%2F%2Famzn.to%2F2vH6mh3&amp;event=video_description&amp;v=gqFvxZdh9W8&amp;redir_token=0rQGj1hs4IGL3IOxL1ISxAZnFIx8MTUyNDY4ODI1MUAxNTI0NjAxODUx\">https:\/\/amzn.to\/2vH6mh3<\/a><\/p>\n<p>Die verwendete Sony-Funkstrecke mit Lavalier-Mikro: <a class=\"yt-simple-endpoint style-scope yt-formatted-string\" href=\"https:\/\/www.youtube.com\/redirect?q=https%3A%2F%2Famzn.to%2F2HLQkXO&amp;event=video_description&amp;v=gqFvxZdh9W8&amp;redir_token=0rQGj1hs4IGL3IOxL1ISxAZnFIx8MTUyNDY4ODI1MUAxNTI0NjAxODUx\">https:\/\/amzn.to\/2HLQkXO<\/a><\/p>\n<p>Der Funk-Adapter f\u00fcr die Sony A7RIII: <a class=\"yt-simple-endpoint style-scope yt-formatted-string\" href=\"https:\/\/www.youtube.com\/redirect?q=https%3A%2F%2Famzn.to%2F2qYReWq&amp;event=video_description&amp;v=gqFvxZdh9W8&amp;redir_token=0rQGj1hs4IGL3IOxL1ISxAZnFIx8MTUyNDY4ODI1MUAxNTI0NjAxODUx\">https:\/\/amzn.to\/2qYReWq<\/a><\/p>\n<p>Der Lavalier-Windschutz: <a class=\"yt-simple-endpoint style-scope yt-formatted-string\" href=\"https:\/\/www.youtube.com\/redirect?q=https%3A%2F%2Famzn.to%2F2qV02xp&amp;event=video_description&amp;v=gqFvxZdh9W8&amp;redir_token=0rQGj1hs4IGL3IOxL1ISxAZnFIx8MTUyNDY4ODI1MUAxNTI0NjAxODUx\">https:\/\/amzn.to\/2qV02xp<\/a><\/p>\n","protected":false},"excerpt":{"rendered":"<p>Fully mit Reserven und einem besonderen System am Grevelingen in Holland &nbsp; Video Hier mein Video zum Bionicon. Es ist mit dem richtigen Browser auch in 4K verf\u00fcgbar. &nbsp; Wenn euch das Video gef\u00e4llt,&#46;&#46;&#46;<\/p>\n","protected":false},"author":2,"featured_media":7460,"comment_status":"open","ping_status":"open","sticky":false,"template":"","format":"standard","meta":{"footnotes":""},"categories":[49,407,942],"tags":[959,967,956,957,697,964,960,958,963,961,160,159,962,965,966],"class_list":["post-7457","post","type-post","status-publish","format-standard","has-post-thumbnail","hentry","category-mtb","category-outdoor","category-video","tag-all-mountain","tag-b-labs-oval-36t","tag-bionicon","tag-edison-evo","tag-enduro","tag-ergon-sm30","tag-full-suspension-bike","tag-fully","tag-kind-shock-lev","tag-magura-ts-rc-215","tag-mountainbike","tag-mtb-2","tag-sram-x0","tag-vault-mg","tag-x-fusion-metric-hlr"],"_links":{"self":[{"href":"https:\/\/www.vesab.de\/wpvesab\/wp-json\/wp\/v2\/posts\/7457","targetHints":{"allow":["GET"]}}],"collection":[{"href":"https:\/\/www.vesab.de\/wpvesab\/wp-json\/wp\/v2\/posts"}],"about":[{"href":"https:\/\/www.vesab.de\/wpvesab\/wp-json\/wp\/v2\/types\/post"}],"author":[{"embeddable":true,"href":"https:\/\/www.vesab.de\/wpvesab\/wp-json\/wp\/v2\/users\/2"}],"replies":[{"embeddable":true,"href":"https:\/\/www.vesab.de\/wpvesab\/wp-json\/wp\/v2\/comments?post=7457"}],"version-history":[{"count":0,"href":"https:\/\/www.vesab.de\/wpvesab\/wp-json\/wp\/v2\/posts\/7457\/revisions"}],"wp:featuredmedia":[{"embeddable":true,"href":"https:\/\/www.vesab.de\/wpvesab\/wp-json\/wp\/v2\/media\/7460"}],"wp:attachment":[{"href":"https:\/\/www.vesab.de\/wpvesab\/wp-json\/wp\/v2\/media?parent=7457"}],"wp:term":[{"taxonomy":"category","embeddable":true,"href":"https:\/\/www.vesab.de\/wpvesab\/wp-json\/wp\/v2\/categories?post=7457"},{"taxonomy":"post_tag","embeddable":true,"href":"https:\/\/www.vesab.de\/wpvesab\/wp-json\/wp\/v2\/tags?post=7457"}],"curies":[{"name":"wp","href":"https:\/\/api.w.org\/{rel}","templated":true}]}}