{"id":8076,"date":"2019-01-15T23:05:11","date_gmt":"2019-01-15T21:05:11","guid":{"rendered":"http:\/\/www.vesab.de\/wpvesab\/?p=8076"},"modified":"2022-04-12T13:28:47","modified_gmt":"2022-04-12T11:28:47","slug":"filmklappe","status":"publish","type":"post","link":"https:\/\/www.vesab.de\/wpvesab\/fotografie\/filmklappe-8076\/","title":{"rendered":"Die Filmklappe"},"content":{"rendered":"<p><img loading=\"lazy\" decoding=\"async\" class=\"alignnone wp-image-8080 size-full\" src=\"http:\/\/www.vesab.de\/wpvesab\/wp-content\/uploads\/yt_kanal_filmklappe_01-e1547499728838.jpg\" alt=\"\" width=\"1200\" height=\"1135\" \/><\/p>\n<p><span style=\"color: #23282d; font-size: 1.4em; font-weight: 600;\">Filmklappe<\/span><\/p>\n<p>Die Filmklappe ist eine sehr alte Erfindung aus dem Filmgesch\u00e4ft. Mit ihr wurden seit den fr\u00fchen Jahren der Tonfilmherstellung die Anf\u00e4nge der Szenen versehen, um Ordnung zu schaffen und um den Ton synchron zum Filmbild schneiden zu k\u00f6nnen.<\/p>\n<p>Am Anfang einer Filmszene wurde die Klappe in die Kamera gehalten und dann zugeklappt. Der laute kurze Knall des Zuschlagens der Klappe konnte dann genau einem bestimmten Filmbild zugeordnet werden, so dass bei Tonaufnahmen auch lippensynchron gearbeitet werden konnte. Es wurde nun der separat aufgenommene Ton genau auf das Zuklappen der Filmklappe geschnitten und es gab keine Abweichung zwischen Sprecher und Filmbild.<\/p>\n<h3>Das Video<\/h3>\n<p>Ich habe zu diesem Beitrag auch ein Video auf meinem YT-Kanal hochgeladen:<\/p>\n<p><a href=\"https:\/\/youtu.be\/XGZ3zJP1tus\" target=\"_blank\" rel=\"noopener\">Hier das Video auf meinem Youtube-Kanal<\/a><\/p>\n<p><a href=\"https:\/\/youtu.be\/XGZ3zJP1tus\" target=\"_blank\" rel=\"noopener\"><img loading=\"lazy\" decoding=\"async\" class=\"alignnone wp-image-8081 size-large\" src=\"http:\/\/www.vesab.de\/wpvesab\/wp-content\/uploads\/63_Foto_Filmklappe_Thumbnail_V1-1180x662.jpg\" alt=\"\" width=\"560\" height=\"314\" \/><\/a><\/p>\n<h3>Anwendung<\/h3>\n<p>Ich benutze die Filmklappe manchmal f\u00fcr Aufnahmen mit externem Ton, wenn ich den Zoom H5 Audiorecorder einsetze und beim Schnitt schnell sein m\u00f6chte. Au\u00dferdem bei Videos, welche vorher geplant werden und viele Schnitte enthalten, die in einer bestimmten Reihenfolge zusammengeschnitten werden m\u00fcssen. Das macht die Sache dann einfacher.<\/p>\n<h3>Anhang<\/h3>\n<p><em>Hinweis:<\/em><\/p>\n<p>In diesem Beitrag werden interne und externe Links verwendet. Interne Links f\u00fchren auf meine eigene Website und sind nicht n\u00e4her gekennzeichnet. Externe Links zu Amazon sind mit einem zus\u00e4tzliche Hinweis gekennzeichnet. Wer Produkte \u00fcber diese Links bei Amazon erwirbt zahlt nicht mehr aber ein kleiner Teil des Erl\u00f6ses kommt mir zugute. Vielen Dank f\u00fcr die Nutzung!<\/p>\n<p><a href=\"https:\/\/www.myfocusshop.de\" target=\"_blank\" rel=\"noopener\">Hier der Link zu einer hochwertige Filmklappe.<\/a><\/p>\n<p>Affiliate Links:<\/p>\n<p><a href=\"https:\/\/amzn.to\/2AecmNM\" target=\"_blank\" rel=\"noopener\">einfache Filmklappe<\/a><\/p>\n<p>Dieses Equipment habe ich f\u00fcr die Tests und Filmaufnahmen benutzt:<\/p>\n<p>Body Sony Alpha 9 oder Sony Alpha 7R III<\/p>\n<p>2-3 Ersatz-Karten <a href=\"https:\/\/amzn.to\/2KUorPN\" target=\"_blank\" rel=\"noopener\">64 Gb<\/a>\u00a0(die schnellen)<\/p>\n<p>Drohne <a href=\"https:\/\/amzn.to\/2uGjAre\" target=\"_blank\" rel=\"noopener\">DJI Mavic Air<\/a><\/p>\n<p>Actioncam <a href=\"https:\/\/amzn.to\/2A0nAb7\" target=\"_blank\" rel=\"noopener\">Sony FDR3000<\/a><\/p>\n<p>Stativ <a href=\"https:\/\/amzn.to\/2IFIFuv\" target=\"_blank\" rel=\"noopener\">Gitzo Nachfolger Mountaineer<\/a><\/p>\n<p>Kugelkopf <a href=\"https:\/\/amzn.to\/2IYe9MP\" target=\"_blank\" rel=\"noopener\">Markins Q3 Traveler<\/a><\/p>\n<p><a href=\"https:\/\/www.amazon.de\/gp\/product\/B074RF2VR6\/ref=as_li_tl?ie=UTF8&amp;camp=1638&amp;creative=6742&amp;creativeASIN=B074RF2VR6&amp;linkCode=as2&amp;tag=verlagsadewas-21&amp;linkId=9bd6d5ce53f48e29c285cb56b02fdd1e\" target=\"_blank\" rel=\"noopener\">Cosyspeed Camslinger Outdoor Kameratasche mit H\u00fcftg\u00fcrtel\u00a0<\/a><\/p>\n<p>Funkstrecke <a href=\"https:\/\/amzn.to\/2MvmQgi\" target=\"_blank\" rel=\"noopener\">Sony UWP-D11<\/a><\/p>\n<p><a href=\"https:\/\/www.amazon.de\/gp\/product\/B071LJZKJL\/ref=as_li_tl?ie=UTF8&amp;camp=1638&amp;creative=6742&amp;creativeASIN=B071LJZKJL&amp;linkCode=as2&amp;tag=verlagsadewas-21&amp;linkId=6865ad25758d8658473caf15fdcdc061\" target=\"_blank\" rel=\"noopener\">Sony SEL-1635GM G Master<\/a>\u00a0Blende 2.8<\/p>\n<p>Akkus <a href=\"https:\/\/amzn.to\/2KUPg6c\" target=\"_blank\" rel=\"noopener\">NP-FZ100<\/a><\/p>\n<p><a href=\"https:\/\/amzn.to\/2uluTnC\" target=\"_blank\" rel=\"noopener\">Blasebalg Giotto<\/a><\/p>\n<p><a href=\"https:\/\/amzn.to\/2u9KuHR\" target=\"_blank\" rel=\"noopener\">Lupine Neo<\/a><\/p>\n<p><a href=\"https:\/\/amzn.to\/2LsFcAV\" target=\"_blank\" rel=\"noopener\">Mobiles Ladeger\u00e4t<\/a> inkl. 12V<\/p>\n","protected":false},"excerpt":{"rendered":"<p>Filmklappe Die Filmklappe ist eine sehr alte Erfindung aus dem Filmgesch\u00e4ft. Mit ihr wurden seit den fr\u00fchen Jahren der Tonfilmherstellung die Anf\u00e4nge der Szenen versehen, um Ordnung zu schaffen und um den Ton synchron&#46;&#46;&#46;<\/p>\n","protected":false},"author":2,"featured_media":8080,"comment_status":"open","ping_status":"open","sticky":false,"template":"","format":"standard","meta":{"footnotes":""},"categories":[43,36,945,942],"tags":[1037,1038,1040,1039,1036],"class_list":["post-8076","post","type-post","status-publish","format-standard","has-post-thumbnail","hentry","category-fotografie_digital","category-fotografie","category-sony","category-video","tag-filmklappe","tag-filmschnitt","tag-filmton","tag-lippensynchron","tag-videografie"],"_links":{"self":[{"href":"https:\/\/www.vesab.de\/wpvesab\/wp-json\/wp\/v2\/posts\/8076","targetHints":{"allow":["GET"]}}],"collection":[{"href":"https:\/\/www.vesab.de\/wpvesab\/wp-json\/wp\/v2\/posts"}],"about":[{"href":"https:\/\/www.vesab.de\/wpvesab\/wp-json\/wp\/v2\/types\/post"}],"author":[{"embeddable":true,"href":"https:\/\/www.vesab.de\/wpvesab\/wp-json\/wp\/v2\/users\/2"}],"replies":[{"embeddable":true,"href":"https:\/\/www.vesab.de\/wpvesab\/wp-json\/wp\/v2\/comments?post=8076"}],"version-history":[{"count":0,"href":"https:\/\/www.vesab.de\/wpvesab\/wp-json\/wp\/v2\/posts\/8076\/revisions"}],"wp:featuredmedia":[{"embeddable":true,"href":"https:\/\/www.vesab.de\/wpvesab\/wp-json\/wp\/v2\/media\/8080"}],"wp:attachment":[{"href":"https:\/\/www.vesab.de\/wpvesab\/wp-json\/wp\/v2\/media?parent=8076"}],"wp:term":[{"taxonomy":"category","embeddable":true,"href":"https:\/\/www.vesab.de\/wpvesab\/wp-json\/wp\/v2\/categories?post=8076"},{"taxonomy":"post_tag","embeddable":true,"href":"https:\/\/www.vesab.de\/wpvesab\/wp-json\/wp\/v2\/tags?post=8076"}],"curies":[{"name":"wp","href":"https:\/\/api.w.org\/{rel}","templated":true}]}}