{"id":996,"date":"2001-03-26T22:30:53","date_gmt":"2001-03-26T20:30:53","guid":{"rendered":"http:\/\/www.vesab.de\/wpvesab\/?p=996"},"modified":"2015-12-30T19:28:19","modified_gmt":"2015-12-30T17:28:19","slug":"motorradreise-zum-polarkreis","status":"publish","type":"post","link":"https:\/\/www.vesab.de\/wpvesab\/storys\/motorradreise-zum-polarkreis-996\/","title":{"rendered":"Motorradreise zum Polarkreis"},"content":{"rendered":"<h3>Motorradreise Januar 2001 zum Polarkreis<\/h3>\n<p><img loading=\"lazy\" decoding=\"async\" class=\"alignnone size-full wp-image-975\" src=\"http:\/\/www.vesab.de\/wpvesab\/wp-content\/uploads\/fahrzeuge_motorrad_polarkreis_polar.jpg\" alt=\"fahrzeuge_motorrad_polarkreis_polar\" width=\"600\" height=\"450\" srcset=\"https:\/\/www.vesab.de\/wpvesab\/wp-content\/uploads\/fahrzeuge_motorrad_polarkreis_polar.jpg 600w, https:\/\/www.vesab.de\/wpvesab\/wp-content\/uploads\/fahrzeuge_motorrad_polarkreis_polar-300x225.jpg 300w\" sizes=\"auto, (max-width: 600px) 100vw, 600px\" \/><\/p>\n<p>E6 Dovrefjell \/ Norwegen<\/p>\n<p>&nbsp;<\/p>\n<h3>Tour zum Polarkreis (20. Januar 2001)<\/h3>\n<p><img loading=\"lazy\" decoding=\"async\" class=\"alignnone size-full wp-image-976\" src=\"http:\/\/www.vesab.de\/wpvesab\/wp-content\/uploads\/fahrzeuge_motorrad_polarkreis_polarcircle.jpg\" alt=\"fahrzeuge_motorrad_polarkreis_polarcircle\" width=\"170\" height=\"146\" \/><\/p>\n<h3>Tourdaten<\/h3>\n<p>Gespanne: BMW-Gespann R 80 GS + Endurobeiwagen; BMW-Gespann K75 + Squire; BMW-Gespann R 1100 RS + EZS-Rally (Sven, Christian und Tanja, Thomas)<\/p>\n<p>Route: Kiel &#8211; Oslo &#8211; Dombas &#8211; Trondheim &#8211; Steinkjer &#8211; Mo i Rana &#8211; Polarkreis &#8211; Namskogan &#8211; Majavatna (Norwegen) &#8211; K\u00f6vra (Schweden) &#8211; R\u00f6ros (Norwegen) &#8211; Tynset &#8211; Savalenhotel &#8211; Ringebu &#8211; Lillehammer &#8211; Tangen &#8211; Oslo &#8211; Kiel<\/p>\n<p>Tagesetappen: ca. 250 bis 400 km<\/p>\n<p>Wetter: plus 5 bis minus 25 Grad Celsius, Regen, Sonne, Schnee, Schneesturm<\/p>\n<p>\u00dcbernachtungen: in H\u00fctten und bei der Savalenrally im Hotel<\/p>\n<p>&nbsp;<\/p>\n<h3>Vorbereitungen<\/h3>\n<p>Stand: 7. Januar 2001<\/p>\n<p>Das Moped ist wie immer kurz vor Abreise noch nicht fertig. Es fehlen noch die Winterreifen und die Heizungen sind auch noch nicht komplett verlegt (Heizhandschuhe, Visierheizung, Fu\u00dfheizung).<\/p>\n<p><img loading=\"lazy\" decoding=\"async\" class=\"alignnone size-full wp-image-978\" src=\"http:\/\/www.vesab.de\/wpvesab\/wp-content\/uploads\/fahrzeuge_motorrad_polarkreis-01.jpg\" alt=\"fahrzeuge_motorrad_polarkreis-01\" width=\"250\" height=\"187\" \/>\u00a0<img loading=\"lazy\" decoding=\"async\" class=\"alignnone size-full wp-image-979\" src=\"http:\/\/www.vesab.de\/wpvesab\/wp-content\/uploads\/fahrzeuge_motorrad_polarkreis-02.jpg\" alt=\"fahrzeuge_motorrad_polarkreis-02\" width=\"250\" height=\"187\" \/><\/p>\n<p>Sieht nicht gerade nach Abreise aus, wird aber noch diese Woche fertig. Essen und Trinken einkaufen, sowie der Papierkram (ADAC plus, F\u00e4hrtickets) sind erledigt.<\/p>\n<p>Stand: 14. Januar 2001<\/p>\n<p><img loading=\"lazy\" decoding=\"async\" class=\"alignnone size-full wp-image-980\" src=\"http:\/\/www.vesab.de\/wpvesab\/wp-content\/uploads\/fahrzeuge_motorrad_polarkreis-03.jpg\" alt=\"fahrzeuge_motorrad_polarkreis-03\" width=\"250\" height=\"217\" \/><\/p>\n<p>Nun hat es also doch noch geklappt. Das Moped steht halbwegs abfahrbereit in der Garage und mu\u00df morgen nur noch bepackt werden. Es sieht so aus, als ob ich mir jede Menge N\u00e4gel eingefahren habe \ud83d\ude42<\/p>\n<p>Morgen Nachmittag gehts los! (Falls ich das ganze Zeug eingepackt kriege)<\/p>\n<p>&nbsp;<\/p>\n<h3>Tour<\/h3>\n<h4>Stand: 15. Januar 2001<\/h4>\n<p>Abends um 20 Uhr sind alle wohlbehalten in Kiel angekommen.<\/p>\n<h4>Stand: 16. Januar 2001<\/h4>\n<p><img loading=\"lazy\" decoding=\"async\" class=\"alignnone size-full wp-image-981\" src=\"http:\/\/www.vesab.de\/wpvesab\/wp-content\/uploads\/fahrzeuge_motorrad_polarkreis-04.jpg\" alt=\"fahrzeuge_motorrad_polarkreis-04\" width=\"350\" height=\"129\" srcset=\"https:\/\/www.vesab.de\/wpvesab\/wp-content\/uploads\/fahrzeuge_motorrad_polarkreis-04.jpg 350w, https:\/\/www.vesab.de\/wpvesab\/wp-content\/uploads\/fahrzeuge_motorrad_polarkreis-04-300x110.jpg 300w\" sizes=\"auto, (max-width: 350px) 100vw, 350px\" \/><\/p>\n<p>Abfahrt in Blumenthal bei Kiel um 11:30 Uhr.<\/p>\n<p><img loading=\"lazy\" decoding=\"async\" class=\"alignnone size-full wp-image-982\" src=\"http:\/\/www.vesab.de\/wpvesab\/wp-content\/uploads\/fahrzeuge_motorrad_polarkreis-05.jpg\" alt=\"fahrzeuge_motorrad_polarkreis-05\" width=\"250\" height=\"185\" \/><\/p>\n<p>Point of no return. Die F\u00e4hre hat abgelegt.<\/p>\n<h4>Stand: 17. Januar 2001<\/h4>\n<p>Oslo empf\u00e4ngt uns mit minus 15 Grad Celsius und tollem Wetter. Wir fuhren sofort los. Folgendes Wetter kam auf uns zu: Sonnenschein und Nebel im Wechsel; Temperatur fiel bis auf minus 24 Grad Celsius. Nach 8 Stunden erreichten wir Dombas bei klirrender K\u00e4lte! Nach kurzer Suche fanden wir ein gem\u00fctliches Hexenhaus zum \u00dcbernachten.<\/p>\n<p><img loading=\"lazy\" decoding=\"async\" class=\"alignnone size-full wp-image-983\" src=\"http:\/\/www.vesab.de\/wpvesab\/wp-content\/uploads\/fahrzeuge_motorrad_polarkreis-06.jpg\" alt=\"fahrzeuge_motorrad_polarkreis-06\" width=\"250\" height=\"187\" \/><\/p>\n<p><img loading=\"lazy\" decoding=\"async\" class=\"alignnone size-full wp-image-998\" src=\"http:\/\/www.vesab.de\/wpvesab\/wp-content\/uploads\/fahrzeuge_motorrad_polarkreis_07.jpg\" alt=\"fahrzeuge_motorrad_polarkreis_07\" width=\"600\" height=\"450\" srcset=\"https:\/\/www.vesab.de\/wpvesab\/wp-content\/uploads\/fahrzeuge_motorrad_polarkreis_07.jpg 600w, https:\/\/www.vesab.de\/wpvesab\/wp-content\/uploads\/fahrzeuge_motorrad_polarkreis_07-300x225.jpg 300w\" sizes=\"auto, (max-width: 600px) 100vw, 600px\" \/><\/p>\n<p>Glatteispause am Mjosa nach 120 km und Hexenhaus in Dombas.<\/p>\n<h4>Stand: 18. Januar 2001<\/h4>\n<p>Nach dem Fr\u00fchst\u00fcck erwarteten uns 20 Grad minus. Mit B\u00fcgeleisen, Kocher und Ladeger\u00e4t aber kein Problem f\u00fcr die Mopeds. Weiter ging die Fahrt bei minus 25 Grad Celsius \u00fcber das Dovrefjell. Die meiste Zeit \u00fcber waren Temperaturen zwischen 15 und 20 Grad minus. Ab Trondheim wurde es dann aber richtig warm. Angekommen in Steinkjer waren dann nur noch 2 Grad minus.<\/p>\n<p><img loading=\"lazy\" decoding=\"async\" class=\"alignnone size-full wp-image-985\" src=\"http:\/\/www.vesab.de\/wpvesab\/wp-content\/uploads\/fahrzeuge_motorrad_polarkreis-08.jpg\" alt=\"fahrzeuge_motorrad_polarkreis-08\" width=\"250\" height=\"187\" \/>\u00a0<img loading=\"lazy\" decoding=\"async\" class=\"alignnone size-full wp-image-986\" src=\"http:\/\/www.vesab.de\/wpvesab\/wp-content\/uploads\/fahrzeuge_motorrad_polarkreis-09.jpg\" alt=\"fahrzeuge_motorrad_polarkreis-09\" width=\"250\" height=\"187\" \/><\/p>\n<p>\u00dcber der Baumgrenze auf dem Dovrefjell ist wieder alles klar. Kurze Pause in der Reifenwerkstatt. Mir war bei minus 24 Grad der Heizhandschuh ausgefallen.<\/p>\n<h4>Stand: 19. Januar 2001<\/h4>\n<p>Zwei Stunden lang war die Welt in Ordnung. Warum f\u00e4hrt man im Winter nach Norwegen? Um reichlich Schnee zu sehen! Die letzten sieben Stunden des Tages war dann echtes Deutschlandwetter angesagt: 5 Grad plus und Dauerregen mit Endlosschneematschspurrillen!!!<\/p>\n<p><img loading=\"lazy\" decoding=\"async\" class=\"alignnone size-full wp-image-1001\" src=\"http:\/\/www.vesab.de\/wpvesab\/wp-content\/uploads\/fahrzeuge_motorrad_polarkreis_10.jpg\" alt=\"fahrzeuge_motorrad_polarkreis_10\" width=\"600\" height=\"450\" srcset=\"https:\/\/www.vesab.de\/wpvesab\/wp-content\/uploads\/fahrzeuge_motorrad_polarkreis_10.jpg 600w, https:\/\/www.vesab.de\/wpvesab\/wp-content\/uploads\/fahrzeuge_motorrad_polarkreis_10-300x225.jpg 300w\" sizes=\"auto, (max-width: 600px) 100vw, 600px\" \/><\/p>\n<p><img loading=\"lazy\" decoding=\"async\" class=\"alignnone size-full wp-image-988\" src=\"http:\/\/www.vesab.de\/wpvesab\/wp-content\/uploads\/fahrzeuge_motorrad_polarkreis-11.jpg\" alt=\"fahrzeuge_motorrad_polarkreis-11\" width=\"250\" height=\"187\" \/><\/p>\n<p>Bei heftigem Schneefall erreichen wir endlich Nord-Norwegen.<\/p>\n<p>Momentan trennen uns noch 60 km vom Polarkreis. Morgen wollen wir unser erstes Ziel erreichen.<\/p>\n<h4>Stand: 20. Januar 2001<\/h4>\n<p>Ziel erreicht!! Wir sind heute um 10:45 Uhr am Polarkreis angekommen. Bei sch\u00f6nstem Winterwetter und 14 Grad minus stehen wir nun auf dem Polarkreis, der den Beginn der arktischen Gefilde markiert.<\/p>\n<p><img loading=\"lazy\" decoding=\"async\" class=\"alignnone size-full wp-image-1003\" src=\"http:\/\/www.vesab.de\/wpvesab\/wp-content\/uploads\/fahrzeuge_motorrad_polarkreis_12.jpg\" alt=\"fahrzeuge_motorrad_polarkreis_12\" width=\"600\" height=\"450\" srcset=\"https:\/\/www.vesab.de\/wpvesab\/wp-content\/uploads\/fahrzeuge_motorrad_polarkreis_12.jpg 600w, https:\/\/www.vesab.de\/wpvesab\/wp-content\/uploads\/fahrzeuge_motorrad_polarkreis_12-300x225.jpg 300w\" sizes=\"auto, (max-width: 600px) 100vw, 600px\" \/><\/p>\n<p>Hier oben ist doch recht wenig Verkehr! Sven kam etwas sp\u00e4ter hinterher.<\/p>\n<p>Leider hat das gelbe Moped dann in Mo i Rana schlapp gemacht (BSE?). Die Einspritzanlage ist am Ende. Der ADAC hilft gerade das Moped zur n\u00e4chsten BMW-Werkstatt nach Trondheim zu bringen und ich fahre mit dem Zug der Norwegischen Eisenbahn hinterher.<\/p>\n<p><img loading=\"lazy\" decoding=\"async\" class=\"alignnone size-full wp-image-990\" src=\"http:\/\/www.vesab.de\/wpvesab\/wp-content\/uploads\/fahrzeuge_motorrad_polarkreis-13.jpg\" alt=\"fahrzeuge_motorrad_polarkreis-13\" width=\"250\" height=\"187\" \/><\/p>\n<p><img loading=\"lazy\" decoding=\"async\" class=\"alignnone size-full wp-image-991\" src=\"http:\/\/www.vesab.de\/wpvesab\/wp-content\/uploads\/fahrzeuge_motorrad_polarkreis-14.jpg\" alt=\"fahrzeuge_motorrad_polarkreis-14\" width=\"200\" height=\"266\" \/><\/p>\n<p>Die Falken von Mo i Rana bringen das Moped nach Trondheim. Schlafwagen (Fahrtdauer 8 Stunden ab Mitternacht).<\/p>\n<h4>Stand: 22. Januar 2001<\/h4>\n<p>Das gelbe Moped wurde notd\u00fcrftig repariert und ich konnte abends (ab 17:00 Uhr) zu den anderen fahren (300 km bei 10 bis 17 Grad minus).<\/p>\n<p>Tanja, Christian und Sven haben dort eine sch\u00f6ne H\u00fctte in K\u00f6vra gefunden.<\/p>\n<p><img loading=\"lazy\" decoding=\"async\" class=\"alignnone size-full wp-image-992\" src=\"http:\/\/www.vesab.de\/wpvesab\/wp-content\/uploads\/fahrzeuge_motorrad_polarkreis-15.jpg\" alt=\"fahrzeuge_motorrad_polarkreis-15\" width=\"250\" height=\"187\" \/>\u00a0<img loading=\"lazy\" decoding=\"async\" class=\"alignnone size-full wp-image-993\" src=\"http:\/\/www.vesab.de\/wpvesab\/wp-content\/uploads\/fahrzeuge_motorrad_polarkreis-16.jpg\" alt=\"fahrzeuge_motorrad_polarkreis-16\" width=\"250\" height=\"187\" \/><\/p>\n<p>Die H\u00fctte in K\u00f6vra hatte Schlafschubladen mit Innenbeleuchtung.<\/p>\n<p><img loading=\"lazy\" decoding=\"async\" class=\"alignnone size-full wp-image-974\" src=\"http:\/\/www.vesab.de\/wpvesab\/wp-content\/uploads\/fahrzeuge_motorrad_polarkreis_persasens.jpg\" alt=\"fahrzeuge_motorrad_polarkreis_persasens\" width=\"200\" height=\"196\" \/><\/p>\n<p>Hier gibt es auch die ber\u00fchmten Persasensh\u00fchner \ud83d\ude42<\/p>\n<h4>Stand: 23. Januar 2001<\/h4>\n<p>Heute fuhren wir auf kleinsten Nebenstra\u00dfen durch die verschneiten W\u00e4lder Schwedens. An einigen Stellen mu\u00dften wir wieder umkehren. Zum Gl\u00fcck sind wir noch \u00fcber das stark verwehte Fjell bei Ljungdalen im Schneesturm r\u00fcbergekommen. Eine Stunde sp\u00e4ter war alles zu und der Umweg w\u00e4re dann 250 km lang. Ein paar blaue Flecken standen heute auch auf der Tagesordnung \ud83d\ude09<\/p>\n<p><img loading=\"lazy\" decoding=\"async\" class=\"alignnone size-full wp-image-994\" src=\"http:\/\/www.vesab.de\/wpvesab\/wp-content\/uploads\/fahrzeuge_motorrad_polarkreis-17.jpg\" alt=\"fahrzeuge_motorrad_polarkreis-17\" width=\"250\" height=\"187\" \/>\u00a0<img loading=\"lazy\" decoding=\"async\" class=\"alignnone size-full wp-image-995\" src=\"http:\/\/www.vesab.de\/wpvesab\/wp-content\/uploads\/fahrzeuge_motorrad_polarkreis-18.jpg\" alt=\"fahrzeuge_motorrad_polarkreis-18\" width=\"250\" height=\"187\" \/><\/p>\n<p>Verschneite W\u00e4lder und Schneesturm in Schweden bei Temperaturen um die 6 bis 10 Grad minus.<\/p>\n<h4>Stand: 24. Januar 2001<\/h4>\n<p>Wir kommen am zweiten Ziel der Reise an &#8211; die Savalenrally.<\/p>\n<p><img loading=\"lazy\" decoding=\"async\" class=\"alignnone size-full wp-image-977\" src=\"http:\/\/www.vesab.de\/wpvesab\/wp-content\/uploads\/fahrzeuge_motorrad_polarkreis_zeitung-03.jpg\" alt=\"fahrzeuge_motorrad_polarkreis_zeitung-03\" width=\"250\" height=\"353\" srcset=\"https:\/\/www.vesab.de\/wpvesab\/wp-content\/uploads\/fahrzeuge_motorrad_polarkreis_zeitung-03.jpg 250w, https:\/\/www.vesab.de\/wpvesab\/wp-content\/uploads\/fahrzeuge_motorrad_polarkreis_zeitung-03-212x300.jpg 212w\" sizes=\"auto, (max-width: 250px) 100vw, 250px\" \/><\/p>\n<p>Die \u00f6rtliche Presse hat schon Wind von der Tour bekommen und wir erscheinen schon am Freitag in der Zeitung.<\/p>\n<p>&nbsp;<\/p>\n","protected":false},"excerpt":{"rendered":"<p>Motorradreise Januar 2001 zum Polarkreis E6 Dovrefjell \/ Norwegen &nbsp; Tour zum Polarkreis (20. Januar 2001) Tourdaten Gespanne: BMW-Gespann R 80 GS + Endurobeiwagen; BMW-Gespann K75 + Squire; BMW-Gespann R 1100 RS + EZS-Rally&#46;&#46;&#46;<\/p>\n","protected":false},"author":2,"featured_media":994,"comment_status":"open","ping_status":"open","sticky":false,"template":"","format":"standard","meta":{"footnotes":""},"categories":[45,46,107,3],"tags":[87,130,65,131,133,132],"class_list":["post-996","post","type-post","status-publish","format-standard","has-post-thumbnail","hentry","category-fahrzeuge","category-motorrad","category-reisen-2","category-storys","tag-motorrad-2","tag-motorradgespann","tag-norwegen","tag-polarkreis","tag-schweden","tag-winter"],"_links":{"self":[{"href":"https:\/\/www.vesab.de\/wpvesab\/wp-json\/wp\/v2\/posts\/996","targetHints":{"allow":["GET"]}}],"collection":[{"href":"https:\/\/www.vesab.de\/wpvesab\/wp-json\/wp\/v2\/posts"}],"about":[{"href":"https:\/\/www.vesab.de\/wpvesab\/wp-json\/wp\/v2\/types\/post"}],"author":[{"embeddable":true,"href":"https:\/\/www.vesab.de\/wpvesab\/wp-json\/wp\/v2\/users\/2"}],"replies":[{"embeddable":true,"href":"https:\/\/www.vesab.de\/wpvesab\/wp-json\/wp\/v2\/comments?post=996"}],"version-history":[{"count":0,"href":"https:\/\/www.vesab.de\/wpvesab\/wp-json\/wp\/v2\/posts\/996\/revisions"}],"wp:featuredmedia":[{"embeddable":true,"href":"https:\/\/www.vesab.de\/wpvesab\/wp-json\/wp\/v2\/media\/994"}],"wp:attachment":[{"href":"https:\/\/www.vesab.de\/wpvesab\/wp-json\/wp\/v2\/media?parent=996"}],"wp:term":[{"taxonomy":"category","embeddable":true,"href":"https:\/\/www.vesab.de\/wpvesab\/wp-json\/wp\/v2\/categories?post=996"},{"taxonomy":"post_tag","embeddable":true,"href":"https:\/\/www.vesab.de\/wpvesab\/wp-json\/wp\/v2\/tags?post=996"}],"curies":[{"name":"wp","href":"https:\/\/api.w.org\/{rel}","templated":true}]}}